{"id":1073,"date":"2020-10-30T22:14:54","date_gmt":"2020-10-30T19:14:54","guid":{"rendered":"https:\/\/tatd.org.tr\/tatdtoks\/2021\/09\/12\/izmir-depremi-vefat-ve-bassagligi-mesaji\/"},"modified":"2021-11-10T22:36:45","modified_gmt":"2021-11-10T19:36:45","slug":"izmir-depremi-vefat-ve-bassagligi-mesaji","status":"publish","type":"post","link":"https:\/\/tatd.org.tr\/toksikoloji\/2020\/10\/30\/izmir-depremi-vefat-ve-bassagligi-mesaji\/","title":{"rendered":"\u0130ZM\u0130R DEPREM\u0130 VEFAT ve BA\u015eSA\u011eLI\u011eI MESAJI"},"content":{"rendered":"<p style='text-align:center'><img alt='' src='https:\/\/tatd.org.tr\/tatdtoks\/wp-content\/uploads\/sites\/36\/2021\/10\/deprem1-1.jpeg' style='height:450px;width:700px' \/><\/p>\n<p><strong>Merkez \u00fcss\u00fc \u0130zmir Seferhisar olan ve \u00e7evre illerden de hissedilen 6,8 \u015fiddetindeki depremden etkilenen t\u00fcm vatanda\u015flar\u0131m\u0131za ge\u00e7mi\u015f olsun. Hayat\u0131n\u0131 kaydedenlere Allah&#039;tan rahmet, yaral\u0131lara acil \u015fifalar dileriz.<\/strong><\/p>\n<p>\u00a0<\/p>\n<p>Prof. Dr. Arzu Denizba\u015f\u0131<\/p>\n<p>TATD TOKS\u0130KOLOJ\u0130 \u00c7al\u0131\u015fma Grubu Ba\u015fkan\u0131<\/p>\n","protected":false},"excerpt":{"rendered":"<p>Merkez \u00fcss\u00fc \u0130zmir Seferhisar olan ve \u00e7evre illerden de hissedilen 6,8 \u015fiddetindeki depremden etkilenen t\u00fcm vatanda\u015flar\u0131m\u0131za ge\u00e7mi\u015f olsun. Hayat\u0131n\u0131 kaydedenlere Allah&#039;tan rahmet,&hellip;<\/p>\n","protected":false},"author":1380,"featured_media":2004,"comment_status":"open","ping_status":"open","sticky":false,"template":"","format":"standard","meta":{"_acf_changed":false,"inline_featured_image":false,"_lmt_disableupdate":"","_lmt_disable":"","footnotes":""},"categories":[10013],"tags":[82,117,433],"class_list":["post-1073","post","type-post","status-publish","format-standard","has-post-thumbnail","hentry","category-kutlama-ve-anma","tag-bassagligi-mesaji","tag-deprem","tag-vefat"],"acf":[],"_links":{"self":[{"href":"https:\/\/tatd.org.tr\/toksikoloji\/wp-json\/wp\/v2\/posts\/1073","targetHints":{"allow":["GET"]}}],"collection":[{"href":"https:\/\/tatd.org.tr\/toksikoloji\/wp-json\/wp\/v2\/posts"}],"about":[{"href":"https:\/\/tatd.org.tr\/toksikoloji\/wp-json\/wp\/v2\/types\/post"}],"author":[{"embeddable":true,"href":"https:\/\/tatd.org.tr\/toksikoloji\/wp-json\/wp\/v2\/users\/1380"}],"replies":[{"embeddable":true,"href":"https:\/\/tatd.org.tr\/toksikoloji\/wp-json\/wp\/v2\/comments?post=1073"}],"version-history":[{"count":0,"href":"https:\/\/tatd.org.tr\/toksikoloji\/wp-json\/wp\/v2\/posts\/1073\/revisions"}],"wp:featuredmedia":[{"embeddable":true,"href":"https:\/\/tatd.org.tr\/toksikoloji\/wp-json\/wp\/v2\/media\/2004"}],"wp:attachment":[{"href":"https:\/\/tatd.org.tr\/toksikoloji\/wp-json\/wp\/v2\/media?parent=1073"}],"wp:term":[{"taxonomy":"category","embeddable":true,"href":"https:\/\/tatd.org.tr\/toksikoloji\/wp-json\/wp\/v2\/categories?post=1073"},{"taxonomy":"post_tag","embeddable":true,"href":"https:\/\/tatd.org.tr\/toksikoloji\/wp-json\/wp\/v2\/tags?post=1073"}],"curies":[{"name":"wp","href":"https:\/\/api.w.org\/{rel}","templated":true}]}}