{"id":4903,"date":"2024-11-21T10:41:10","date_gmt":"2024-11-21T07:41:10","guid":{"rendered":"https:\/\/tatd.org.tr\/tatdus\/?p=4903"},"modified":"2024-11-21T10:41:11","modified_gmt":"2024-11-21T07:41:11","slug":"temel-ultrasonografi-kursu-13-15-aralik-2024-ankara","status":"publish","type":"post","link":"https:\/\/tatd.org.tr\/tatdus\/2024\/11\/21\/temel-ultrasonografi-kursu-13-15-aralik-2024-ankara\/","title":{"rendered":"Temel Ultrasonografi Kursu 13 \u2013 15 Aral\u0131k 2024, Ankara"},"content":{"rendered":"\n<figure class=\"wp-block-table\"><div class=\"pcrstb-wrap\"><table class=\"has-fixed-layout\"><tbody><tr><td><strong>Etkinlik ad\u0131<\/strong><\/td><td><strong>Temel Ultrasonografi Kursu<\/strong><\/td><\/tr><tr><td><strong>Etkinlik Tarihi<\/strong><\/td><td><strong>13.12.2024 \u2013 15.12.2024<\/strong><\/td><\/tr><tr><td><strong>Etkinlik \u0130li<\/strong><\/td><td><strong>Ankara<\/strong><\/td><\/tr><tr><td>&nbsp;&nbsp;<strong>Etkinlik adresi<\/strong><\/td><td><strong>T\u00fcrkiye Acil T\u0131p Derne\u011fi Merkezi<\/strong>&nbsp;<strong>Mustafa Kemal Mah. Dumlup\u0131nar Blv. No: 274 Mahall Ankara, E Blok, Daire No: 18<\/strong><\/td><\/tr><tr><td><strong>\u00c7al\u0131\u015fma Grubu Ba\u015fkan\u0131<\/strong><\/td><td><strong>Do\u00e7. Dr. \u00d6zlem Dikme<\/strong><\/td><\/tr><tr><td><strong>Kurs Genel Koordinat\u00f6r\u00fc<\/strong><\/td><td><strong>Uzm. Dr. Ramazan Sivil<\/strong><\/td><\/tr><tr><td><strong>Kurs Yerel Koordinat\u00f6r\u00fc<\/strong><\/td><td><strong>Uzm. Dr. Secdeg\u00fcl Co\u015fkun Ya\u015f<\/strong><\/td><\/tr><tr><td><strong>E\u011fitmenler<\/strong><\/td><td><strong>Do\u00e7. Dr. B\u00fclent Erbil<\/strong><\/td><\/tr><tr><td>&nbsp;<\/td><td><strong>Do\u00e7. Dr. Mehmet Ali Karaca<\/strong><\/td><\/tr><tr><td>&nbsp;<\/td><td><strong>Dr. \u00d6\u011fr. \u00dcyesi Ali Batur<\/strong><\/td><\/tr><tr><td>&nbsp;<\/td><td><strong>Dr. \u00d6\u011fr. \u00dcyesi Volkan Arslan<\/strong><\/td><\/tr><tr><td>&nbsp;<\/td><td><strong>Uzm. Dr. Secdeg\u00fcl Co\u015fkun Ya\u015f<\/strong><\/td><\/tr><tr><td>&nbsp;<\/td><td><strong>Uzm. Dr. Ahmet Emre Ay<\/strong><\/td><\/tr><tr><td>&nbsp;<\/td><td><strong>Uzm. Dr. Ula\u015f Yakut<\/strong><\/td><\/tr><\/tbody><\/table><\/div><\/figure>\n\n\n\n<h1 class=\"wp-block-heading\">Kursun Amac\u0131, Kapsam\u0131 ve Hedefleri<\/h1>\n\n\n\n<p>T\u00fcrkiye Acil T\u0131p Derne\u011fi USG \u00c7al\u0131\u015fma Grubu (TATDUS), acil serviste 7\/24 tan\u0131sal \u00e7\u00f6z\u00fcm ve h\u0131z sa\u011flaman\u0131n yan\u0131 s\u0131ra, giri\u015fimlerde i\u015flem g\u00fcvenilirli\u011fi ve dolay\u0131s\u0131yla hasta bak\u0131m kalitesini art\u0131rmay\u0131 ama\u00e7layan yatak ba\u015f\u0131 ultrasonografi de\u011ferlendirmesinin acil hekimleri taraf\u0131ndan kullan\u0131m s\u0131kl\u0131\u011f\u0131n\u0131 ve \u00e7e\u015fitlili\u011fini art\u0131rmay\u0131, ayr\u0131ca \u00fclke genelinde kullan\u0131m standartlar\u0131 belirlemeyi hedeflemektedir.<\/p>\n\n\n\n<h1 class=\"wp-block-heading\">Kursun Hedef Kitlesi<\/h1>\n\n\n\n<p>Ultrason cihaz\u0131n\u0131 ilk defa kullanacaklar i\u00e7in temel cihaz ve ultrasonografik g\u00f6r\u00fcnt\u00fcleme prensiplerinin yan\u0131 s\u0131ra yatak ba\u015f\u0131 E-FAST, hepatobiliyer, \u00fcriner, genital, abdominal aorta ve inferior vena kava de\u011ferlendirme gibi ultrasonografik incelemelerini klinik prati\u011finde kullanmay\u0131 hedefleyen t\u00fcm hekimler i\u00e7in bu e\u011fitim tasarlanm\u0131\u015ft\u0131r.<\/p>\n\n\n\n<h1 class=\"wp-block-heading\">Kurs Plan\u0131<\/h1>\n\n\n\n<p>\u0130lk g\u00fcn (13.12.2024), teorik e\u011fitimler online platform \u00fczerinden 09:00\u2019da ba\u015flar, aralar verilerek devam eder ve 17:30\u2019da sonlan\u0131r. \u0130kinci g\u00fcn (15.12.2024), pratik e\u011fitimler y\u00fcz y\u00fcze ger\u00e7ekle\u015ftirilir, 09:00\u2019da ba\u015flar, \u00f6\u011fleden sonra devam eder ve 16:30\u2019da sonlan\u0131r.<\/p>\n\n\n\n<h1 class=\"wp-block-heading\">Kat\u0131l\u0131mc\u0131 say\u0131s\u0131 ve oturma d\u00fczeni<\/h1>\n\n\n\n<p>Kat\u0131l\u0131mc\u0131 say\u0131s\u0131 24 ki\u015fidir. Pratikler 4 grup halinde her grupta maksimum 6 ki\u015fi olacak \u015fekilde ultrason cihazlar\u0131yla modeller \u00fczerinde yap\u0131lacakt\u0131r. Gruplar uygulamalar\u0131 tamamlad\u0131ktan sonra birbirleriyle yer de\u011fi\u015ftirecek ve pratik uygulaman\u0131n sonunda her kat\u0131l\u0131mc\u0131 anlat\u0131lan t\u00fcm ultrasonografik incelemeleri model \u00fczerinde uygulam\u0131\u015f olacakt\u0131r.<\/p>\n\n\n\n<p><strong>Kursa nas\u0131l kay\u0131t yapt\u0131r\u0131r\u0131m?<\/strong><\/p>\n\n\n\n<p>\u0130nternet sitemize&nbsp;<a href=\"http:\/\/www.tatd.org.tr\/\">(<\/a><a href=\"http:\/\/www.tatd.org.tr\/\">www.tatd.org.tr<\/a><a href=\"http:\/\/www.tatd.org.tr\/\">)<\/a>&nbsp;\u00fcye olarak T\u00fcrkiye Acil T\u0131p Derne\u011fi E\u011fitim Merkezi (TATDEM) b\u00f6l\u00fcm\u00fcnden kaydolabilirsiniz.<\/p>\n\n\n\n<p><strong>Kurs fiyat\u0131 ve dahil olanlar:<\/strong><\/p>\n\n\n\n<ul class=\"wp-block-list\">\n<li>Kurs \u00fccreti 6000 TL<\/li>\n\n\n\n<li>Temel USG teorik ve pratik e\u011fitimi<\/li>\n\n\n\n<li>Sabah Kahvalt\u0131s\u0131<\/li>\n\n\n\n<li>G\u00fcn i\u00e7i s\u0131cak i\u00e7ecek ve ikramlar<\/li>\n<\/ul>\n\n\n\n<p>Getirilmesi gerekenler<\/p>\n\n\n\n<p>Not almak isteyen kat\u0131l\u0131mc\u0131lar i\u00e7in k\u0131rtasiye malzemeleri d\u0131\u015f\u0131nda \u00f6zel gere\u00e7 ihtiyac\u0131 yoktur.<\/p>\n\n\n\n<figure class=\"wp-block-table\"><div class=\"pcrstb-wrap\"><table class=\"has-fixed-layout\"><tbody><tr><td colspan=\"2\"><strong>Kurs Program\u0131<\/strong><strong><\/strong><\/td><td colspan=\"2\"><strong>&nbsp;&nbsp; 13 Aral\u0131k 2024<\/strong><\/td><\/tr><tr><td>09:00- 09:10<\/td><td>10dk<\/td><td><strong>A\u00e7\u0131l\u0131\u015f, kurstan beklentiler<\/strong><\/td><td>T\u00fcm E\u011fitmenler<\/td><\/tr><tr><td>09:10- 09:50<\/td><td>40dk<\/td><td><strong>Ultrason Fizi\u011fi ve \u0130nceleme Tekni\u011fi<\/strong><\/td><td>Dr. B\u00fclent ERB\u0130L<\/td><\/tr><tr><td>09:50- 10:30<\/td><td>40dk<\/td><td><strong>E-FAST<\/strong><\/td><td>Dr. Secdeg\u00fcl CO\u015eKUN YA\u015e<\/td><\/tr><tr><td>10:30- 10:50<\/td><td>20dk<\/td><td colspan=\"2\">Ara<\/td><\/tr><tr><td>10:50- 11:30<\/td><td>40dk<\/td><td><strong>Hepatobiliyer Ultrasonografi<\/strong><\/td><td>Dr. Mehmet Ali KARACA<\/td><\/tr><tr><td>11:30- 11:40<\/td><td>10dk<\/td><td>Ara<\/td><td>&nbsp;<\/td><\/tr><tr><td>11:40- 12:10<\/td><td>30dk<\/td><td><strong>\u00dcriner Sistem Ultrasonografisi<\/strong><\/td><td>Dr. Ahmet Emre AY<\/td><\/tr><tr><td>12:10- 12:40<\/td><td>30dk<\/td><td><strong>Pelvik Ultrasonografi<\/strong><\/td><td>Dr. Ahmet Emre AY<\/td><\/tr><tr><td>12:40- 13:30<\/td><td>50dk<\/td><td colspan=\"2\">\u00d6\u011fle Aras\u0131<\/td><\/tr><tr><td>13:30- 15:00<\/td><td>60dk<\/td><td><strong>Odaklanm\u0131\u015f Temel Ekokardiyografi<\/strong><\/td><td>Dr. Volkan ARSLAN<\/td><\/tr><tr><td>15:00- 15:20<\/td><td>20dk<\/td><td>Ara<\/td><td>&nbsp;<\/td><\/tr><tr><td>15:20- 16:00<\/td><td>40dk<\/td><td><strong>Giri\u015fimsel Ultrasonografi<\/strong><\/td><td>Dr. Ali BATUR<\/td><\/tr><tr><td>16:00- 16:40<\/td><td>40dk<\/td><td><strong>Abdominal Aorta ve \u0130nferior Vena Kava Ultrasonografisi<\/strong><\/td><td>Dr. Secdeg\u00fcl CO\u015eKUN YA\u015e<\/td><\/tr><tr><td>16:40-16.50<\/td><td>10dk<\/td><td>Ara<\/td><td>&nbsp;<\/td><\/tr><tr><td>16:50- 17:30<\/td><td>40dk<\/td><td><strong>Alt Ekstremite DVT Ultrasonografisi<\/strong><\/td><td>Dr. Ula\u015f YAKUT<\/td><\/tr><\/tbody><\/table><\/div><\/figure>\n\n\n\n<figure class=\"wp-block-table\"><div class=\"pcrstb-wrap\"><table class=\"has-fixed-layout\"><tbody><tr><td><strong>Kurs Program\u0131<\/strong><strong><\/strong><\/td><td colspan=\"4\"><strong>&nbsp; 15 Aral\u0131k 2024<\/strong><\/td><\/tr><tr><td><strong>Saat<\/strong><strong><\/strong><\/td><td><strong>Masa 1<\/strong><\/td><td><strong>Masa 2<\/strong><\/td><td><strong>Masa 3<\/strong><\/td><td><strong>Masa 4<\/strong><\/td><\/tr><tr><td>09:00-09:40<\/td><td><strong><u>E-FAST<\/u><\/strong>&nbsp;A Grubu Dr. Secdeg\u00fcl CO\u015eKUN YA\u015e<\/td><td><strong><u>Hepatobiliyer<\/u><\/strong>&nbsp;B Grubu Dr. Mehmet Ali KARACA<\/td><td><strong><u>EKO<\/u><\/strong>&nbsp;C Grubu Dr. Volkan ARSLAN<\/td><td><strong><u>Aort<\/u><\/strong>&nbsp;D Grubu Dr. Ahmet Emre AY<\/td><\/tr><tr><td>09:50-10:30<\/td><td><strong><u>E-FAST<\/u><\/strong>&nbsp;B Grubu Dr. Secdeg\u00fcl CO\u015eKUN YA\u015e<\/td><td><strong><u>Hepatobiliyer<\/u><\/strong>&nbsp;C Grubu Dr. Mehmet Ali KARACA<\/td><td><strong><u>EKO<\/u><\/strong>&nbsp;D Grubu Dr. Volkan ARSLAN<\/td><td><strong><u>Aort<\/u><\/strong>&nbsp;A Grubu Dr. Ahmet Emre AY<\/td><\/tr><tr><td>10:40-11:10<\/td><td><strong><u>E-FAST<\/u><\/strong>&nbsp;C Grubu Dr. Secdeg\u00fcl CO\u015eKUN YA\u015e<\/td><td><strong><u>Hepatobiliyer<\/u><\/strong>&nbsp;D Grubu Dr. Mehmet Ali KARACA<\/td><td><strong><u>EKO<\/u><\/strong>&nbsp;A Grubu Dr. Volkan ARSLAN<\/td><td><strong><u>Aort<\/u><\/strong>&nbsp;B Grubu Dr. Ahmet Emre AY<\/td><\/tr><tr><td>11:20-12:00<\/td><td><strong><u>E-FAST<\/u><\/strong>&nbsp;D Grubu Dr. Secdeg\u00fcl CO\u015eKUN YA\u015e<\/td><td><strong><u>Hepatobiliyer<\/u><\/strong>&nbsp;A Grubu Dr. Mehmet Ali KARACA<\/td><td><strong><u>EKO<\/u><\/strong>&nbsp;B Grubu Dr. Volkan ARSLAN<\/td><td><strong><u>Aort<\/u><\/strong>&nbsp;C Grubu Dr. Ahmet Emre AY<\/td><\/tr><tr><td colspan=\"5\">\u00d6\u011fle Aras\u0131<\/td><\/tr><tr><td>13:00-13:40<\/td><td><strong><u>IVC<\/u><\/strong>&nbsp;A Grubu Dr. Secdeg\u00fcl CO\u015eKUN YA\u015e<\/td><td><strong><u>\u00dcriner Sistem<\/u><\/strong>&nbsp;B Grubu Dr. Ahmet Emre AY<\/td><td><strong><u>DVT<\/u><\/strong>&nbsp;C Grubu Ula\u015f YAKUT<\/td><td><strong><u>Giri\u015fimsel<\/u><\/strong>&nbsp;D Grubu Dr. Ali BATUR<\/td><\/tr><tr><td>13:50-14:30<\/td><td><strong><u>IVC<\/u><\/strong>&nbsp;B Grubu Dr. Secdeg\u00fcl CO\u015eKUN YA\u015e<\/td><td><strong><u>\u00dcriner Sistem<\/u><\/strong>&nbsp;C Grubu Dr. Ahmet Emre AY<\/td><td><strong><u>DVT<\/u><\/strong>&nbsp;D Grubu Ula\u015f YAKUT<\/td><td><strong><u>Giri\u015fimsel<\/u><\/strong>&nbsp;A Grubu Dr. Ali BATUR<\/td><\/tr><tr><td>14:40-15:20<\/td><td><strong><u>IVC<\/u><\/strong>&nbsp;C Grubu Dr. Secdeg\u00fcl CO\u015eKUN YA\u015e<\/td><td><strong><u>\u00dcriner Sistem<\/u><\/strong>&nbsp;D Grubu Dr. Ahmet Emre AY<\/td><td><strong><u>DVT<\/u><\/strong>&nbsp;A Grubu Ula\u015f YAKUT<\/td><td><strong><u>Giri\u015fimsel<\/u><\/strong>&nbsp;B Grubu Dr. Ali BATUR<\/td><\/tr><tr><td>15:30-16:10<\/td><td><strong><u>IVC<\/u><\/strong>&nbsp;D Grubu Dr. Secdeg\u00fcl CO\u015eKUN YA\u015e<\/td><td><strong><u>\u00dcriner Sistem<\/u><\/strong>&nbsp;A Grubu Dr. Ahmet Emre AY<\/td><td><strong><u>DVT<\/u><\/strong>&nbsp;B Grubu Ula\u015f YAKUT<\/td><td><strong><u>Giri\u015fimsel<\/u><\/strong>&nbsp;C Grubu Dr. Ali BATUR<\/td><\/tr><\/tbody><\/table><\/div><\/figure>\n\n\n\n<div class=\"wp-block-buttons is-layout-flex wp-block-buttons-is-layout-flex\">\n<div class=\"wp-block-button has-custom-font-size has-medium-font-size\"><a class=\"wp-block-button__link has-white-color has-vivid-red-background-color has-text-color has-background has-link-color wp-element-button\" href=\"https:\/\/tatd.org.tr\/tatdem-arsiv\/urun\/temel-ultrasonografi-kursu-13-15-aralik-2024-ankara\/\">SATIN ALMAK \u0130\u00c7\u0130N TIKLAYINIZ<\/a><\/div>\n<\/div>\n","protected":false},"excerpt":{"rendered":"<p>Etkinlik ad\u0131 Temel Ultrasonografi Kursu Etkinlik Tarihi 13.12.2024 \u2013 15.12.2024 Etkinlik \u0130li Ankara &nbsp;&nbsp;Etkinlik adresi T\u00fcrkiye Acil T\u0131p Derne\u011fi Merkezi&nbsp;Mustafa Kemal Mah.&hellip;<\/p>\n","protected":false},"author":17,"featured_media":4904,"comment_status":"open","ping_status":"open","sticky":false,"template":"","format":"standard","meta":{"_acf_changed":false,"inline_featured_image":false,"_lmt_disableupdate":"","_lmt_disable":"","footnotes":""},"categories":[3,1,7,10014],"tags":[],"class_list":["post-4903","post","type-post","status-publish","format-standard","has-post-thumbnail","hentry","category-egitim","category-genel","category-kurs-planlari-egitim","category-akademik-blog-yazisi"],"acf":[],"_links":{"self":[{"href":"https:\/\/tatd.org.tr\/tatdus\/wp-json\/wp\/v2\/posts\/4903","targetHints":{"allow":["GET"]}}],"collection":[{"href":"https:\/\/tatd.org.tr\/tatdus\/wp-json\/wp\/v2\/posts"}],"about":[{"href":"https:\/\/tatd.org.tr\/tatdus\/wp-json\/wp\/v2\/types\/post"}],"author":[{"embeddable":true,"href":"https:\/\/tatd.org.tr\/tatdus\/wp-json\/wp\/v2\/users\/17"}],"replies":[{"embeddable":true,"href":"https:\/\/tatd.org.tr\/tatdus\/wp-json\/wp\/v2\/comments?post=4903"}],"version-history":[{"count":0,"href":"https:\/\/tatd.org.tr\/tatdus\/wp-json\/wp\/v2\/posts\/4903\/revisions"}],"wp:featuredmedia":[{"embeddable":true,"href":"https:\/\/tatd.org.tr\/tatdus\/wp-json\/wp\/v2\/media\/4904"}],"wp:attachment":[{"href":"https:\/\/tatd.org.tr\/tatdus\/wp-json\/wp\/v2\/media?parent=4903"}],"wp:term":[{"taxonomy":"category","embeddable":true,"href":"https:\/\/tatd.org.tr\/tatdus\/wp-json\/wp\/v2\/categories?post=4903"},{"taxonomy":"post_tag","embeddable":true,"href":"https:\/\/tatd.org.tr\/tatdus\/wp-json\/wp\/v2\/tags?post=4903"}],"curies":[{"name":"wp","href":"https:\/\/api.w.org\/{rel}","templated":true}]}}