{"id":4731,"date":"2024-03-20T12:24:26","date_gmt":"2024-03-20T09:24:26","guid":{"rendered":"https:\/\/tatd.org.tr\/tatdus\/?p=4731"},"modified":"2024-08-22T13:32:23","modified_gmt":"2024-08-22T10:32:23","slug":"seeedmc-2024-the-10th-national-conference-of-the-romanian-society-for-emergency-and-disaster-medicine","status":"publish","type":"post","link":"https:\/\/tatd.org.tr\/tatdus\/2024\/03\/20\/seeedmc-2024-the-10th-national-conference-of-the-romanian-society-for-emergency-and-disaster-medicine\/","title":{"rendered":"SEEEDMC-2024 &amp; The 10th National Conference of the Romanian Society for Emergency and Disaster Medicine"},"content":{"rendered":"\n<p>De\u011ferli meslekta\u015flar\u0131m\u0131z,<\/p>\n\n\n\n<p><br><strong>Avrupa Acil T\u0131p Birli\u011fi (EUSEM)<\/strong>\u00a0etkinli\u011fi olan\u00a0<strong>G\u00fcney Do\u011fu Avrupa Acil ve Afet T\u0131bb\u0131 Kongresi (South East Europenan Emergency and Disaster Medicine Congress (SEEEDMC))<\/strong>\u00a0bu y\u0131l be\u015fincisi ile Romanya Acil T\u0131p ve Afet Derne\u011fi (<em>Romanian Society of Emergency Medicine and Disaster Medicine<\/em>) ev sahipli\u011finde\u00a0<strong>B\u00fckre\u015f&#8217;te<\/strong> <strong>29 May\u0131s- 1 Haziran 2024<\/strong>\u00a0tarihleri aras\u0131nda d\u00fczenlenecektir. T\u00fcrkiye Acil T\u0131p Derne\u011fi olarak ilk kongreden bu yana deste\u011fimiz ve payda\u015f\u0131 olarak yer ald\u0131\u011f\u0131m\u0131z kongrede bu y\u0131l kongre \u00f6ncesi kurslar\u0131nda TATDUS olarak tekrar g\u00f6rev al\u0131yoruz. Helenik Acil T\u0131p Birli\u011fi ve Romanya Acil T\u0131p derne\u011fi \u00fcyeleri ile birlikte ger\u00e7ekle\u015ftirece\u011fimiz kongre \u00f6ncesi ultrasonografi kursumuzda ayn\u0131 zamanda EUSEM Ultrasonografi \u00e7al\u0131\u015fma grubu \u00fcyesi de olan TATDUS e\u011fitmenlerimizden<strong>\u00a0\u00d6zlem Dikme, Ramazan Sivil, Burcu Azapo\u011flu Kaymak, Merve Ek\u015fio\u011flu ve S\u00fcleyman \u0130bze<\/strong>\u00a0e\u011fitmen olarak g\u00f6rev alacaklard\u0131r. EUSEM ba\u015fkan\u0131 Jim Connolly ve EUSEM ultrason grup ba\u015fkan\u0131 Effie Polyzogopoulou ve Rumen meslekta\u015f\u0131m\u0131z Adela Golea liderli\u011finde ger\u00e7ekle\u015fecek kursumuzun e\u011fitim dili ingilizce olup, temel ultrasonografi i\u00e7erikleri patolojik vakalar ve masa ba\u015f\u0131 pratiklerle zenginle\u015ftirilecek 2 g\u00fcnl\u00fck 12 saatlik bir program ile ultrason severlerle bulu\u015faca\u011f\u0131z.  \u00dcyelerimizi ve ilgisi olan t\u00fcm meslekta\u015flar\u0131m\u0131z\u0131 davet etmekten mutluluk duyar\u0131z. Program ile ilgili ayr\u0131nt\u0131ya <a href=\"https:\/\/medicinaurgenta.ro\/\" data-type=\"link\" data-id=\"https:\/\/medicinaurgenta.ro\/\">https:\/\/medicinaurgenta.ro\/<\/a> linkten ula\u015fabilirsiniz.<br>Sayg\u0131lar\u0131mla<\/p>\n\n\n\n<p>\u00d6\u011fr. G\u00f6r. Dr. S\u00fcleyman \u0130BZE<\/p>\n\n\n\n<p>TATDUS \u00c7al\u0131\u015fma Grubu Ad\u0131na<\/p>\n","protected":false},"excerpt":{"rendered":"<p>De\u011ferli meslekta\u015flar\u0131m\u0131z, Avrupa Acil T\u0131p Birli\u011fi (EUSEM)\u00a0etkinli\u011fi olan\u00a0G\u00fcney Do\u011fu Avrupa Acil ve Afet T\u0131bb\u0131 Kongresi (South East Europenan Emergency and Disaster Medicine&hellip;<\/p>\n","protected":false},"author":1205,"featured_media":4732,"comment_status":"open","ping_status":"open","sticky":false,"template":"","format":"standard","meta":{"_acf_changed":false,"inline_featured_image":false,"_lmt_disableupdate":"","_lmt_disable":"","footnotes":""},"categories":[3,10012,1,10096,7,10014,13],"tags":[42,43,86,99],"class_list":["post-4731","post","type-post","status-publish","format-standard","has-post-thumbnail","hentry","category-egitim","category-etkinlik","category-genel","category-kongreler-ve-sempozyumlar","category-kurs-planlari-egitim","category-akademik-blog-yazisi","category-uluslararasi-kurslar","tag-e-fast","tag-eko","tag-pocus","tag-tatdus"],"acf":[],"_links":{"self":[{"href":"https:\/\/tatd.org.tr\/tatdus\/wp-json\/wp\/v2\/posts\/4731","targetHints":{"allow":["GET"]}}],"collection":[{"href":"https:\/\/tatd.org.tr\/tatdus\/wp-json\/wp\/v2\/posts"}],"about":[{"href":"https:\/\/tatd.org.tr\/tatdus\/wp-json\/wp\/v2\/types\/post"}],"author":[{"embeddable":true,"href":"https:\/\/tatd.org.tr\/tatdus\/wp-json\/wp\/v2\/users\/1205"}],"replies":[{"embeddable":true,"href":"https:\/\/tatd.org.tr\/tatdus\/wp-json\/wp\/v2\/comments?post=4731"}],"version-history":[{"count":0,"href":"https:\/\/tatd.org.tr\/tatdus\/wp-json\/wp\/v2\/posts\/4731\/revisions"}],"wp:featuredmedia":[{"embeddable":true,"href":"https:\/\/tatd.org.tr\/tatdus\/wp-json\/wp\/v2\/media\/4732"}],"wp:attachment":[{"href":"https:\/\/tatd.org.tr\/tatdus\/wp-json\/wp\/v2\/media?parent=4731"}],"wp:term":[{"taxonomy":"category","embeddable":true,"href":"https:\/\/tatd.org.tr\/tatdus\/wp-json\/wp\/v2\/categories?post=4731"},{"taxonomy":"post_tag","embeddable":true,"href":"https:\/\/tatd.org.tr\/tatdus\/wp-json\/wp\/v2\/tags?post=4731"}],"curies":[{"name":"wp","href":"https:\/\/api.w.org\/{rel}","templated":true}]}}