{"id":4711,"date":"2024-02-02T20:01:00","date_gmt":"2024-02-02T17:01:00","guid":{"rendered":"https:\/\/tatd.org.tr\/tatdus\/?p=4711"},"modified":"2025-11-29T00:46:25","modified_gmt":"2025-11-28T21:46:25","slug":"ileri-ultrason-kursu-15-16-mart-2024-ankara","status":"publish","type":"post","link":"https:\/\/tatd.org.tr\/tatdus\/2024\/02\/02\/ileri-ultrason-kursu-15-16-mart-2024-ankara\/","title":{"rendered":"\u0130leri Ultrasonografi Kursu 15 \u2013 16 Mart 2024, Ankara"},"content":{"rendered":"\n<hr class=\"wp-block-separator has-alpha-channel-opacity\" \/>\n\n\n\n<figure class=\"wp-block-table\"><div class=\"pcrstb-wrap\"><table><tbody><tr><td><strong>Etkinlik ad\u0131<\/strong><\/td><td><strong>\u0130leri Ultrason Kursu (Hibrit)<\/strong><\/td><\/tr><tr><td><strong>Etkinlik Tarihi<\/strong><\/td><td><strong>15.03.2024-16.03.2024<\/strong><\/td><\/tr><tr><td><strong>Etkinlik \u0130li<\/strong><\/td><td><strong>Ankara<\/strong><\/td><\/tr><tr><td><strong>Etkinlik adresi<\/strong><\/td><td><strong>T\u00fcrkiye Acil T\u0131p Derne\u011fi Merkezi<\/strong>&nbsp;<strong>Mustafa Kemal Mah. Dumlup\u0131nar Blv. No: 274 Mahall Ankara, E Blok, Daire No: 18<\/strong><\/td><\/tr><tr><td><strong>\u00c7al\u0131\u015fma Grubu Ba\u015fkan\u0131<\/strong><\/td><td><strong>Do\u00e7. Dr. \u00d6zlem Dikme<\/strong><\/td><\/tr><tr><td><strong>Kurs Genel Koordinat\u00f6r\u00fc<\/strong><\/td><td><strong>Uzm. Dr. Ramazan Sivil<\/strong><\/td><\/tr><tr><td><strong>Kurs Yerel Koordinat\u00f6r\u00fc<\/strong><\/td><td><strong>Uzm. Dr. Secdeg\u00fcl Co\u015fkun Ya\u015f<\/strong><\/td><\/tr><tr><td><strong>E\u011fiticiler<\/strong><\/td><td><strong>Do\u00e7. Dr. Mehmet Ali Aslaner<\/strong><\/td><\/tr><tr><td><strong>&nbsp;<\/strong><\/td><td><strong>Dr. \u00d6\u011fr. \u00dcyesi Ali Batur<\/strong><\/td><\/tr><tr><td><strong>&nbsp;<\/strong><\/td><td><strong>Dr. \u00d6\u011fr. \u00dcyesi Volkan Arslan<\/strong><\/td><\/tr><tr><td><strong>&nbsp;<\/strong><\/td><td><strong>Uzm. Dr. Ahmet Emre Ay<\/strong><\/td><\/tr><tr><td><strong>&nbsp;<\/strong><\/td><td><strong>Uzm. Dr. Secdeg\u00fcl Co\u015fkun Ya\u015f<\/strong><\/td><\/tr><\/tbody><\/table><\/div><\/figure>\n\n\n\n<p><strong>Kursun Amac\u0131, Kapsam\u0131 ve Hedefleri<\/strong><\/p>\n\n\n\n<p>TATDUS \u00e7al\u0131\u015fma grubu taraf\u0131ndan d\u00fczenlenen \u0130leri Ultrason Kursu kritik hasta ve \u00f6zellikli hasta grubunda tan\u0131 ve tedavi s\u00fcrecinde yol g\u00f6sterecek ultrasonografik inceleme becerilerini kazand\u0131rmak amac\u0131 ile planlanm\u0131\u015ft\u0131r. Toraks ultrasonografisi, ileri ekokardiyografi, vol\u00fcm de\u011ferlendirme ve bat\u0131n ultrasonografisi incelemeleri ile kritik hasta y\u00f6netiminde h\u0131zl\u0131 karar verip do\u011fru tedaviyi planlamak i\u00e7in k\u0131lavuzluk edecek algoritmalar\u0131n; ok\u00fcler ve ekstremitelerin ultrasonografik incelemeleri ile se\u00e7ili hasta grubunda tan\u0131y\u0131 kolayla\u015ft\u0131racak tekniklerin \u00f6\u011fretilmesi hedeflenmi\u015ftir.<\/p>\n\n\n\n<p><strong>Kursun Hedef Kitlesi<\/strong><\/p>\n\n\n\n<p>Temel ultrasonografi kursunu alm\u0131\u015f, ultrasonu g\u00fcnl\u00fck prati\u011finde aktif olarak kullanan ilgi alanlar\u0131na y\u00f6nelik kullan\u0131m\u0131n\u0131 ilerletmek isteyen t\u00fcm hekimler.<\/p>\n\n\n\n<p><strong>Kurs Plan\u0131<\/strong><\/p>\n\n\n\n<p>\u0130lk g\u00fcn (15.03.2024), teorik e\u011fitimler online platform \u00fczerinden 08:30\u2019da ba\u015flar, aralar verilerek devam eder ve 17:30\u2019da sonlan\u0131r. \u0130kinci g\u00fcn (16.03.2024), pratik e\u011fitimler y\u00fcz y\u00fcze ger\u00e7ekle\u015ftirilir, 08:30\u2019da ba\u015flar, \u00f6\u011fleden sonra devam eder ve 17:30\u2019da sonlan\u0131r.<\/p>\n\n\n\n<p><strong>Kat\u0131l\u0131mc\u0131 say\u0131s\u0131 ve oturma d\u00fczeni<\/strong><\/p>\n\n\n\n<p>&nbsp;Kat\u0131l\u0131mc\u0131 say\u0131s\u0131 24 ki\u015fidir. Pratikler 4 grup halinde her grupta maksimum 6 ki\u015fi olacak \u015fekilde ultrason cihazlar\u0131yla modeller \u00fczerinde yap\u0131lacakt\u0131r. Gruplar uygulamalar\u0131 tamamlad\u0131ktan sonra birbirleriyle yer de\u011fi\u015ftirecek ve pratik uygulaman\u0131n sonunda her kat\u0131l\u0131mc\u0131 anlat\u0131lan t\u00fcm ultrasonografik incelemeleri model \u00fczerinde uygulam\u0131\u015f olacakt\u0131r.<\/p>\n\n\n\n<p><strong>Kursa nas\u0131l kay\u0131t yapt\u0131r\u0131r\u0131m?<\/strong><\/p>\n\n\n\n<p>\u0130nternet sitemize (<a href=\"http:\/\/www.tatd.org.tr\/\">www.tatd.org.tr<\/a>) \u00fcye olarak T\u00fcrkiye Acil T\u0131p Derne\u011fi E\u011fitim Merkezi (TATDEM) b\u00f6l\u00fcm\u00fcnden kaydolabilirsiniz. Bu kursa kaydolmak i\u00e7in daha \u00f6nceden Temel Ultrasonografi Kursunu alm\u0131\u015f ve talep edildi\u011finde bunu belgelendirebilir olman\u0131z gerekmektedir.<\/p>\n\n\n\n<p><strong>Kurs fiyat\u0131 ve dahil olanlar:<\/strong><\/p>\n\n\n\n<ul class=\"wp-block-list\">\n<li>Kurs \u00fccreti 4000 TL<\/li>\n\n\n\n<li>Temel USG teorik ve pratik e\u011fitimi<\/li>\n\n\n\n<li>Sabah Kahvalt\u0131s\u0131<\/li>\n\n\n\n<li>G\u00fcn i\u00e7i s\u0131cak i\u00e7ecek ve ikramlar<\/li>\n<\/ul>\n\n\n\n<p><strong>Getirilmesi gerekenler<\/strong><\/p>\n\n\n\n<p>Not almak isteyen kat\u0131l\u0131mc\u0131lar i\u00e7in k\u0131rtasiye malzemeleri d\u0131\u015f\u0131nda \u00f6zel gere\u00e7 ihtiyac\u0131 yoktur.<\/p>\n\n\n\n<p><strong>Kurs Program\u0131<\/strong><strong><\/strong><\/p>\n\n\n\n<figure class=\"wp-block-table\"><div class=\"pcrstb-wrap\"><table><tbody><tr><td colspan=\"3\"><strong>Online Kurs Program\u0131<\/strong><strong><\/strong><\/td><td colspan=\"2\"><strong>15.03.2024<\/strong><\/td><\/tr><tr><td>08:30- 08:45<\/td><td>15dk<\/td><td colspan=\"2\">A\u00e7\u0131l\u0131\u015f, kurstan beklentiler<\/td><td>T\u00fcm E\u011fitmenler<\/td><\/tr><tr><td>08:45- 09:30<\/td><td>45dk<\/td><td colspan=\"2\">Toraks Ultrasonografisi<\/td><td>Ali Batur<\/td><\/tr><tr><td>09:30- 09:45<\/td><td>15dk<\/td><td colspan=\"2\"><strong>Ara<\/strong><\/td><td>&nbsp;<\/td><\/tr><tr><td>09:45-10:45<\/td><td>60dk<\/td><td colspan=\"2\">\u0130leri Ekokardiyografi<\/td><td>Volkan Arslan<\/td><\/tr><tr><td>10:45-11:00<\/td><td>15dk<\/td><td colspan=\"3\"><strong>ARA<\/strong><\/td><\/tr><tr><td>11:00-11:30<\/td><td>30dk<\/td><td colspan=\"2\">Vol\u00fcm De\u011ferlendirme<\/td><td>Volkan Arslan<\/td><\/tr><tr><td>11:30-12:00<\/td><td>30dk<\/td><td colspan=\"2\">Ok\u00fcler Ultrasonografi<\/td><td>\u00a0Secdeg\u00fcl Co\u015fkun Ya\u015f<\/td><\/tr><tr><td>12.00-13:00<\/td><td>60dk<\/td><td colspan=\"3\"><strong>\u00d6\u011fle Aras\u0131<\/strong><\/td><\/tr><tr><td>13:00- 13:50<\/td><td>50dk<\/td><td colspan=\"2\">\u00dcst Ekstremite Ultrasonografisi<\/td><td>Mehmet Ali Aslaner<\/td><\/tr><tr><td>13:50-14:05<\/td><td>15dk<\/td><td colspan=\"2\">Ara<\/td><td>&nbsp;<\/td><\/tr><tr><td>14:05- 14:55<\/td><td>50dk<\/td><td colspan=\"2\">Alt Ekstremite Ultrasonografisi<\/td><td>Mehmet Ali Aslaner<\/td><\/tr><tr><td>14:55- 15:10<\/td><td>15dk<\/td><td colspan=\"3\"><strong>ARA<\/strong><\/td><\/tr><tr><td>15:10- 16:00<\/td><td>50dk<\/td><td colspan=\"2\">\u0130leri Bat\u0131n Ultrasonografisi<\/td><td>Ali Batur<\/td><\/tr><tr><td>16:00- 16:15<\/td><td>15dk<\/td><td colspan=\"3\"><strong>ARA<\/strong><\/td><\/tr><tr><td>16:15-17:00<\/td><td>45dk<\/td><td colspan=\"2\">Kritik Hastada Ultrasonografi Algoritmalar\u0131<\/td><td>Ahmet Emre Ay<\/td><\/tr><tr><td>17:00-17:30<\/td><td>30dk<\/td><td colspan=\"2\">G\u00fcn sonu, geribildirimlerin al\u0131nmas\u0131<\/td><td>&nbsp;<\/td><\/tr><\/tbody><\/table><\/div><\/figure>\n\n\n\n<figure class=\"wp-block-table\"><div class=\"pcrstb-wrap\"><table><tbody><tr><td colspan=\"3\"><strong>2. G\u00dcN<\/strong><\/td><td colspan=\"3\"><strong>16.03.2024<\/strong><strong><\/strong><\/td><\/tr><tr><td rowspan=\"2\">&nbsp;<\/td><td>Masa 1<strong><u><\/u><\/strong><\/td><td colspan=\"2\">Masa 2<strong><u><\/u><\/strong><\/td><td>Masa 3<\/td><td>Masa 4<\/td><\/tr><tr><td><strong>EKO<\/strong>&nbsp;<br>Volkan A<\/td><td colspan=\"2\"><strong>\u00dcst Ext<\/strong>&nbsp;<br>Mehmet Ali A<\/td><td><strong>Toraks<\/strong>\u00a0<br>Ali B<\/td><td><strong>Ok\u00fcler<\/strong>&nbsp;<br>Secdeg\u00fcl CY<\/td><\/tr><tr><td>08:30-09:30<\/td><td>A<\/td><td colspan=\"2\">B<\/td><td>C<\/td><td>D<\/td><\/tr><tr><td>09:30-10:30<\/td><td>D<\/td><td colspan=\"2\">A<\/td><td>B<\/td><td>C<\/td><\/tr><tr><td>10:30-11:30<\/td><td>C<\/td><td colspan=\"2\">D<\/td><td>A<\/td><td>B<\/td><\/tr><tr><td>11:30-12:30<\/td><td>B<\/td><td colspan=\"2\">C<\/td><td>D<\/td><td>A<\/td><\/tr><tr><td>12:30-13:30<\/td><td colspan=\"5\">\u00d6\u011fle Aras\u0131<\/td><\/tr><tr><td rowspan=\"2\">&nbsp;<\/td><td>Masa 1<\/td><td colspan=\"2\">Masa 2<\/td><td>Masa 3<\/td><td>Masa 4<\/td><\/tr><tr><td><strong>Vol\u00fcm De\u011f.<\/strong>&nbsp;<br>Volkan A<\/td><td colspan=\"2\"><strong>Alt Ext<\/strong>&nbsp;<br>Mehmet Ali A<\/td><td><strong>\u0130leri Bat\u0131n<\/strong>&nbsp;<br>Ali B<\/td><td><strong>Kritik H.<\/strong>\u00a0<br>Ahmet Emre A<\/td><\/tr><tr><td>13:30-14:30<\/td><td>A<\/td><td colspan=\"2\">B<\/td><td>C<\/td><td>D<\/td><\/tr><tr><td>14:30-15:30<\/td><td>D<\/td><td colspan=\"2\">A<\/td><td>B<\/td><td>C<\/td><\/tr><tr><td>15:30-16:30<\/td><td>C<\/td><td colspan=\"2\">D<\/td><td>A<\/td><td>B<\/td><\/tr><tr><td>16:30-17:30<\/td><td>B<\/td><td colspan=\"2\">C<\/td><td>D<\/td><td>A<\/td><\/tr><\/tbody><\/table><\/div><\/figure>\n","protected":false},"excerpt":{"rendered":"<p>Etkinlik ad\u0131 \u0130leri Ultrason Kursu (Hibrit) Etkinlik Tarihi 15.03.2024-16.03.2024 Etkinlik \u0130li Ankara Etkinlik adresi T\u00fcrkiye Acil T\u0131p Derne\u011fi Merkezi&nbsp;Mustafa Kemal Mah. Dumlup\u0131nar&hellip;<\/p>\n","protected":false},"author":17,"featured_media":4712,"comment_status":"open","ping_status":"open","sticky":false,"template":"","format":"standard","meta":{"_acf_changed":false,"inline_featured_image":false,"_lmt_disableupdate":"","_lmt_disable":"","footnotes":""},"categories":[3,10012,7,10014],"tags":[43,86,99],"class_list":["post-4711","post","type-post","status-publish","format-standard","has-post-thumbnail","hentry","category-egitim","category-etkinlik","category-kurs-planlari-egitim","category-akademik-blog-yazisi","tag-eko","tag-pocus","tag-tatdus"],"acf":[],"_links":{"self":[{"href":"https:\/\/tatd.org.tr\/tatdus\/wp-json\/wp\/v2\/posts\/4711","targetHints":{"allow":["GET"]}}],"collection":[{"href":"https:\/\/tatd.org.tr\/tatdus\/wp-json\/wp\/v2\/posts"}],"about":[{"href":"https:\/\/tatd.org.tr\/tatdus\/wp-json\/wp\/v2\/types\/post"}],"author":[{"embeddable":true,"href":"https:\/\/tatd.org.tr\/tatdus\/wp-json\/wp\/v2\/users\/17"}],"replies":[{"embeddable":true,"href":"https:\/\/tatd.org.tr\/tatdus\/wp-json\/wp\/v2\/comments?post=4711"}],"version-history":[{"count":0,"href":"https:\/\/tatd.org.tr\/tatdus\/wp-json\/wp\/v2\/posts\/4711\/revisions"}],"wp:featuredmedia":[{"embeddable":true,"href":"https:\/\/tatd.org.tr\/tatdus\/wp-json\/wp\/v2\/media\/4712"}],"wp:attachment":[{"href":"https:\/\/tatd.org.tr\/tatdus\/wp-json\/wp\/v2\/media?parent=4711"}],"wp:term":[{"taxonomy":"category","embeddable":true,"href":"https:\/\/tatd.org.tr\/tatdus\/wp-json\/wp\/v2\/categories?post=4711"},{"taxonomy":"post_tag","embeddable":true,"href":"https:\/\/tatd.org.tr\/tatdus\/wp-json\/wp\/v2\/tags?post=4711"}],"curies":[{"name":"wp","href":"https:\/\/api.w.org\/{rel}","templated":true}]}}