{"id":2065,"date":"2020-01-30T00:00:00","date_gmt":"2020-01-29T21:00:00","guid":{"rendered":"https:\/\/tatd.org.tr\/tatdus\/2020\/01\/30\/izmir-temel-ultrasonografi-kursu-26-27-subat-2020\/"},"modified":"2021-11-10T22:33:11","modified_gmt":"2021-11-10T19:33:11","slug":"izmir-temel-ultrasonografi-kursu-26-27-subat-2020","status":"publish","type":"post","link":"https:\/\/tatd.org.tr\/tatdus\/2020\/01\/30\/izmir-temel-ultrasonografi-kursu-26-27-subat-2020\/","title":{"rendered":"\u0130zmir, Temel Ultrasonografi Kursu 26 &#8211; 27 \u015eubat 2020"},"content":{"rendered":"\n<h1 class=\"wp-block-heading\">Temel Ultrasonografi Kursu<\/h1>\n\n\n\n<p><strong>Tarih:<\/strong>\u00a026 &#8211; 27 \u015eubat 2020<br><\/p>\n\n\n\n<p>T\u00fcrkiye Acil T\u0131p Derne\u011fi USG \u00c7al\u0131\u015fma Grubu (TATDUS) acil serviste 7\/24 tan\u0131sal \u00e7\u00f6z\u00fcm ve h\u0131z olana\u011f\u0131 yan\u0131 s\u0131ra giri\u015fimlerde i\u015flem g\u00fcvenilirli\u011fini dolay\u0131s\u0131 ile hasta bak\u0131m kalitesini artt\u0131racak yatak ba\u015f\u0131 ultrasonografi de\u011ferlendirmesinin acil hekimlerince kullan\u0131m s\u0131kl\u0131\u011f\u0131 ve \u00e7e\u015fitlili\u011fini iyile\u015ftirmeyi, \u00fclke \u00e7ap\u0131nda kullan\u0131m standartlar\u0131 sa\u011flamay\u0131 hedeflemektedir.\u00a0 Kursun i\u00e7eri\u011finde ultrason cihaz\u0131n\u0131 ilk defa kullanacaklar i\u00e7in temel cihaz ve ultrasonografik g\u00f6r\u00fcnt\u00fcleme prensiplerinin yan\u0131 s\u0131ra \u00a0yatak ba\u015f\u0131 E-FAST,\u00a0 hepatobiliyer, \u00fcriner, genital, abdominal aorta ve inferior vena kava ultrasonografik incelemelerinin teorik bilgileri\u00a0 ve modeller \u00fczerinde uygulamalar\u0131 g\u00f6sterilecektir. Kurs i\u00e7eri\u011findeki b\u00fct\u00fcn prosed\u00fcrler\u00a0 canl\u0131 model\u00a0 \u00fczerinde e\u011fitmen taraf\u0131ndan g\u00f6sterilecek ve her kat\u0131l\u0131mc\u0131 taraf\u0131ndan uygulanacakt\u0131r. Ultrason e\u015fli\u011finde giri\u015fimsel i\u015flemler haz\u0131rlanan vask\u00fcler giri\u015fim modelleri \u00fczerinde her kat\u0131l\u0131mc\u0131 taraf\u0131ndan yap\u0131lacakt\u0131r.<\/p>\n\n\n\n<p><strong>Kurs Plan\u0131<\/strong><\/p>\n\n\n\n<p>Kursun 1. G\u00fcn\u00fc 08:30\u2019da ba\u015flay\u0131p\u00a0\u00a0 17:30\u2019da bitecek,\u00a0 2. G\u00fcn\u00fc\u00a0 ise 09:00&#8217;da ba\u015flay\u0131p 18:00&#8217;de bitecek \u015fekilde planlanm\u0131\u015ft\u0131r.<\/p>\n\n\n\n<p><strong>Kat\u0131l\u0131mc\u0131 say\u0131s\u0131 ve Oturma D\u00fczeni<\/strong><\/p>\n\n\n\n<p>Bu kursun oturma d\u00fczeni s\u0131n\u0131f d\u00fczenidir.<\/p>\n\n\n\n<p>Kat\u0131l\u0131mc\u0131 say\u0131s\u0131 maksimum 30\u2019dur.<\/p>\n\n\n\n<p>Pratikler \u00a04 grup halinde , her grupta maksimum 7-8 ki\u015fi olacak \u015fekilde ultrason cihazlar\u0131yla modeller \u00fczerinde yap\u0131lacakt\u0131r.\u00a0 Gruplar uygulamalar\u0131 tamamlad\u0131ktan sonra birbirleriyle yer\u00a0 de\u011fi\u015ftirecek ve pratik uygulaman\u0131n sonunda her kat\u0131l\u0131mc\u0131 4 ayr\u0131 ultrasonografik incelemeyi model \u00fczerinde uygulam\u0131\u015f olacakt\u0131r.<\/p>\n\n\n\n<p><strong>Kursa nas\u0131l kay\u0131t yapt\u0131r\u0131r\u0131m?<\/strong><\/p>\n\n\n\n<p>Kurslar\u0131n ilan\u0131ndan sonra belirlenen s\u00fcrede \u00f6deme yapanlar\u0131n kay\u0131tlar\u0131 onaylanacakt\u0131r.<\/p>\n\n\n\n<p>Kay\u0131t i\u00e7in\u00a0<a href=\"https:\/\/www.raklet.com\/tatd\/Events\/Home\/Details\/7df587ac-9803-4953-bd57-fe708ec222ed\">t\u0131klay\u0131n\u0131z.<\/a><\/p>\n\n\n\n<p><strong>Kurs fiyat\u0131 ve dahil olanlar: Kurs \u00fccreti TATD \u00fcyesi olanlar i\u00e7in 450, \u00fcye olmayanlar i\u00e7in 500 lirad\u0131r.<\/strong><\/p>\n\n\n\n<ul class=\"wp-block-list\"><li>Sabah Kahvalt\u0131lar\u0131<\/li><li>G\u00fcn i\u00e7in s\u0131n\u0131rs\u0131z s\u0131cak i\u00e7ecek ve ikramlar<\/li><li>Kurs kitap\u00e7\u0131\u011f\u0131<\/li><li>Defter, kalem<\/li><li>Sunum ve veri dosyalar\u0131n\u0131n bulundu\u011fu USB<\/li><\/ul>\n\n\n\n<p><strong>Temel Ultrason Kursu\u00a0 Konular\u0131 ve Program\u0131<\/strong><\/p>\n\n\n\n<ul class=\"wp-block-list\"><li>Ultrason Fizi\u011fi ve \u0130nceleme Tekni\u011fi<\/li><li>E-FAST<\/li><li>Hepatobiliyer Ultrasonografi<\/li><li>\u00dcriner Sistem Ultrasonografisi<\/li><li>Genital Sistem Ultrasonografisi<\/li><li>Odaklanm\u0131\u015f Temel Ekokardiyografi<\/li><li>Giri\u015fimsel Ultrasonografi<\/li><li>Alt Ekstremite DVT Ultrasonografisi<\/li><li>Abdominal Aorta ve \u0130nferior Vena Kava Ultrasonografisi<\/li><\/ul>\n\n\n\n<p><strong>Tarih: 26-27.02.2020<\/strong><\/p>\n\n\n\n<p><strong>Yer: \u00a0\u0130zmir Katip \u00c7elebi \u00dcniversitesi, Atat\u00fcrk E\u011fitim ve Ara\u015ft\u0131rma Hastanesi, Acil T\u0131p Klini\u011fi Toplant\u0131 Salonu<\/strong><\/p>\n\n\n\n<figure class=\"wp-block-table\"><div class=\"pcrstb-wrap\"><table class=\"\"><tbody><tr><td><strong>Kurs Program\u0131<\/strong><\/td><td><strong>\u00a0 TAR\u0130H: 26.02.2020<\/strong><\/td><\/tr><tr><td>08:30- 08:40<\/td><td>10dk<\/td><td><strong>A\u00e7\u0131l\u0131\u015f, kurstan beklentiler<\/strong><\/td><td>T\u00fcm E\u011fitmenler<\/td><\/tr><tr><td>08:40- 09:20<\/td><td>40dk<\/td><td><strong>Ultrason Fizi\u011fi ve \u0130nceleme Tekni\u011fi<\/strong><\/td><td>Uzm. Dr. Adnan Yamano\u011flu<\/td><\/tr><tr><td>09:20- 10:00<\/td><td>40dk<\/td><td><strong>E-FAST<\/strong><\/td><td>Uzm. Dr. Serkan Bilgin<\/td><\/tr><tr><td>10:00- 10:20<\/td><td>20dk<\/td><td>Ara<\/td><\/tr><tr><td>10:20-11:00<\/td><td>40dk<\/td><td><strong>Hepatobiliyer Ultrasonografi<\/strong><\/td><td>Uzm. Dr. Adnan Yamano\u011flu<\/td><\/tr><tr><td>11:00-11:30<\/td><td>30dk<\/td><td><strong>\u00dcriner Sistem Ultrasonografisi<\/strong><\/td><td>Uzm. Dr. Turgay Y\u0131lmaz K\u0131l\u0131\u00e7<\/td><\/tr><tr><td>11.30-12.00<\/td><td>30 dk<\/td><td><strong>Genital Sistem Ultrasonografisi<\/strong><\/td><td>Do\u00e7. Dr. Tanzer Korkmaz<\/td><\/tr><tr><td>12.00- 13:30<\/td><td>90dk<\/td><td>\u00d6\u011fle Aras\u0131<\/td><\/tr><tr><td>13:00- 17:30<\/td><td>\u00a0<\/td><td><strong>Pratik uygulama<\/strong><\/td><td>T\u00fcm E\u011fitmenler<\/td><\/tr><tr><td>\u00a0<\/td><td><strong>TAR\u0130H 27.02.2020<\/strong><\/td><\/tr><tr><td>08:30- 10:00<\/td><td>90 dk<\/td><td><strong>Odaklanm\u0131\u015f Temel Ekokardiyografi<\/strong><\/td><td>Do\u00e7. Dr. Funda Karbek Akarca<\/td><\/tr><tr><td>10:00-10:20<\/td><td>20dk<\/td><td>Ara<\/td><td>\u00a0<\/td><\/tr><tr><td>10:20- 11:00<\/td><td>40dk<\/td><td><strong>Giri\u015fimsel Ultrasonografi<\/strong><\/td><td>Uzm. Dr. Turgay Y\u0131lmaz K\u0131l\u0131\u00e7<\/td><\/tr><tr><td>11:00- 11:40<\/td><td>40dk<\/td><td><strong>Alt Ekstremite DVT Ultrasonografisi<\/strong><\/td><td>Uzm. Dr. Adnan Yamano\u011flu<\/td><\/tr><tr><td>11:40-12.20<\/td><td>40dk<\/td><td><strong>Abdominal Aorta ve \u0130nferior Vena Kava Ultrasonografisi<\/strong><\/td><td>Uzm. Dr. Serkan Bilgin<\/td><\/tr><tr><td>12:20- 13:30<\/td><td>70dk<\/td><td>\u00d6\u011fle Aras\u0131<\/td><\/tr><tr><td>13:30- 17:30<\/td><td>\u00a0<\/td><td><strong>Pratik uygulama<\/strong><\/td><td>T\u00fcm E\u011fitmenler<\/td><\/tr><tr><td>17:30-18:00<\/td><td>\u00a0<\/td><td><strong>Kapan\u0131\u015f, Sertifika da\u011f\u0131t\u0131m\u0131<\/strong><\/td><td>\u00a0<\/td><\/tr><\/tbody><\/table><\/div><\/figure>\n","protected":false},"excerpt":{"rendered":"<p>Temel Ultrasonografi Kursu Tarih:\u00a026 &#8211; 27 \u015eubat 2020 T\u00fcrkiye Acil T\u0131p Derne\u011fi USG \u00c7al\u0131\u015fma Grubu (TATDUS) acil serviste 7\/24 tan\u0131sal \u00e7\u00f6z\u00fcm ve&hellip;<\/p>\n","protected":false},"author":1599,"featured_media":2066,"comment_status":"open","ping_status":"open","sticky":false,"template":"","format":"standard","meta":{"_acf_changed":false,"inline_featured_image":false,"_lmt_disableupdate":"","_lmt_disable":"","footnotes":""},"categories":[3,10012,5],"tags":[],"class_list":["post-2065","post","type-post","status-publish","format-standard","has-post-thumbnail","hentry","category-egitim","category-etkinlik","category-gecmis-kurslar-egitim"],"acf":[],"_links":{"self":[{"href":"https:\/\/tatd.org.tr\/tatdus\/wp-json\/wp\/v2\/posts\/2065","targetHints":{"allow":["GET"]}}],"collection":[{"href":"https:\/\/tatd.org.tr\/tatdus\/wp-json\/wp\/v2\/posts"}],"about":[{"href":"https:\/\/tatd.org.tr\/tatdus\/wp-json\/wp\/v2\/types\/post"}],"author":[{"embeddable":true,"href":"https:\/\/tatd.org.tr\/tatdus\/wp-json\/wp\/v2\/users\/1599"}],"replies":[{"embeddable":true,"href":"https:\/\/tatd.org.tr\/tatdus\/wp-json\/wp\/v2\/comments?post=2065"}],"version-history":[{"count":0,"href":"https:\/\/tatd.org.tr\/tatdus\/wp-json\/wp\/v2\/posts\/2065\/revisions"}],"wp:featuredmedia":[{"embeddable":true,"href":"https:\/\/tatd.org.tr\/tatdus\/wp-json\/wp\/v2\/media\/2066"}],"wp:attachment":[{"href":"https:\/\/tatd.org.tr\/tatdus\/wp-json\/wp\/v2\/media?parent=2065"}],"wp:term":[{"taxonomy":"category","embeddable":true,"href":"https:\/\/tatd.org.tr\/tatdus\/wp-json\/wp\/v2\/categories?post=2065"},{"taxonomy":"post_tag","embeddable":true,"href":"https:\/\/tatd.org.tr\/tatdus\/wp-json\/wp\/v2\/tags?post=2065"}],"curies":[{"name":"wp","href":"https:\/\/api.w.org\/{rel}","templated":true}]}}