{"id":464,"date":"2022-12-28T17:05:43","date_gmt":"2022-12-28T14:05:43","guid":{"rendered":"https:\/\/tatd.org.tr\/geriatri\/?p=464"},"modified":"2022-12-28T17:05:44","modified_gmt":"2022-12-28T14:05:44","slug":"kisa-girerken-yaslilarda-uygulanmasi-gereken-asilar","status":"publish","type":"post","link":"https:\/\/tatd.org.tr\/geriatri\/genel\/kisa-girerken-yaslilarda-uygulanmasi-gereken-asilar\/","title":{"rendered":"<strong>K\u0131\u015fa Girerken Ya\u015fl\u0131larda Uygulanmas\u0131 Gereken A\u015f\u0131lar<\/strong>"},"content":{"rendered":"\n<figure class=\"wp-block-image size-large\"><img fetchpriority=\"high\" decoding=\"async\" width=\"1024\" height=\"768\" src=\"https:\/\/tatd.org.tr\/geriatri\/wp-content\/uploads\/sites\/14\/2022\/12\/212245f7d41e11079e9ed8a6fbb92356-1024x768.jpg\" alt=\"\" class=\"wp-image-465\" srcset=\"https:\/\/tatd.org.tr\/geriatri\/wp-content\/uploads\/sites\/14\/2022\/12\/212245f7d41e11079e9ed8a6fbb92356-1024x768.jpg 1024w, https:\/\/tatd.org.tr\/geriatri\/wp-content\/uploads\/sites\/14\/2022\/12\/212245f7d41e11079e9ed8a6fbb92356-300x225.jpg 300w, https:\/\/tatd.org.tr\/geriatri\/wp-content\/uploads\/sites\/14\/2022\/12\/212245f7d41e11079e9ed8a6fbb92356-768x576.jpg 768w, https:\/\/tatd.org.tr\/geriatri\/wp-content\/uploads\/sites\/14\/2022\/12\/212245f7d41e11079e9ed8a6fbb92356-1536x1152.jpg 1536w, https:\/\/tatd.org.tr\/geriatri\/wp-content\/uploads\/sites\/14\/2022\/12\/212245f7d41e11079e9ed8a6fbb92356-2048x1535.jpg 2048w, https:\/\/tatd.org.tr\/geriatri\/wp-content\/uploads\/sites\/14\/2022\/12\/212245f7d41e11079e9ed8a6fbb92356-840x630.jpg 840w\" sizes=\"(max-width: 1024px) 100vw, 1024px\" \/><\/figure>\n\n\n\n<p><strong>\u0130NFLUENZA &#8211; GR\u0130P A\u015eISI<\/strong><\/p>\n\n\n\n<p>Grip ile ili\u015fkili hastal\u0131k komplikasyonlar\u0131 ve \u00f6l\u00fcmlerin b\u00fcy\u00fck \u00e7o\u011funlu\u011fu ya\u015fl\u0131larda g\u00f6r\u00fclmektedir. \u00d6rne\u011fin son y\u0131llarda, mevsimsel gribe ba\u011fl\u0131 \u00f6l\u00fcmlerin %70 ila %85&#8217;inin 65 ya\u015f ve \u00fczerindeki ki\u015filerde meydana geldi\u011fi ve mevsimsel gribe ba\u011fl\u0131 hastaneye yat\u0131\u015flar\u0131n %50 ila %70&#8217;inin bu ya\u015f gurubundaki insanlar aras\u0131nda meydana geldi\u011fi tahmin edilmektedir (1). Bu nedenle 65 ya\u015f ve \u00fczerindeki ya\u015fl\u0131lar ile bak\u0131mevi\/huzurevinde kalan ya\u015fl\u0131lara her y\u0131l tek doz grip a\u015f\u0131s\u0131 yap\u0131lmal\u0131d\u0131r.<\/p>\n\n\n\n<p><strong>Grip A\u015f\u0131s\u0131 Gribe Kar\u015f\u0131 En \u0130yi Korumad\u0131r<\/strong><\/p>\n\n\n\n<p>Gribe ve potansiyel olarak ciddi komplikasyonlar\u0131na kar\u015f\u0131 korunman\u0131n en iyi yolu grip a\u015f\u0131s\u0131d\u0131r. Grip vir\u00fcsleri s\u00fcrekli de\u011fi\u015fti\u011fi ve ba\u011f\u0131\u015f\u0131kl\u0131k zamanla azald\u0131\u011f\u0131 i\u00e7in grip a\u015f\u0131lar\u0131 her mevsim g\u00fcncellenmektedir. Y\u0131ll\u0131k a\u015f\u0131lama, gribe kar\u015f\u0131 m\u00fcmk\u00fcn olan en iyi korumay\u0131 sa\u011flamaya yard\u0131mc\u0131 olur. Grip a\u015f\u0131s\u0131, ara\u015ft\u0131rmalar\u0131n \u00f6n\u00fcm\u00fczdeki sezonda en yayg\u0131n olaca\u011f\u0131n\u0131 g\u00f6sterdi\u011fi grip vir\u00fcslerine kar\u015f\u0131 koruma sa\u011flar. A\u015f\u0131lama sonras\u0131 grive kar\u015f\u0131 ba\u011f\u0131\u015f\u0131kl\u0131k, yakla\u015f\u0131k iki hafta sonra tam olarak olu\u015fur ve 6-8 ay s\u00fcrer.<\/p>\n\n\n\n<p><strong>Grip a\u015f\u0131s\u0131 ne zaman a\u015f\u0131 yap\u0131lmal\u0131?<\/strong><\/p>\n\n\n\n<p>Eyl\u00fcl ve Ekim aylar\u0131 genellikle grip a\u015f\u0131s\u0131 olmak i\u00e7in iyi zamanlard\u0131r. \u0130deal olarak, herkes Ekim ay\u0131 sonuna kadar a\u015f\u0131lanmal\u0131d\u0131r. A\u015f\u0131lanmayanlar ki\u015filer ise mart ay\u0131n\u0131n sonuna kadar a\u015f\u0131lanabilir. \u00d6zellikle 65 ya\u015f ve \u00fczerindeki ki\u015filer ve birinci veya ikinci trimesterdeki hamileler genellikle erken (Temmuz veya A\u011fustos aylar\u0131nda) a\u015f\u0131lanmamal\u0131d\u0131r \u00e7\u00fcnk\u00fc ba\u011f\u0131\u015f\u0131kl\u0131k zamanla azalabilir. Ancak daha sonra a\u015f\u0131 i\u00e7in tekrar ba\u015fvuramayacak olan herkes i\u00e7in erken a\u015f\u0131lama d\u00fc\u015f\u00fcn\u00fclebilir.<\/p>\n\n\n\n<p><strong>Grip a\u015f\u0131s\u0131n\u0131n yan etkileri nelerdir?<\/strong><\/p>\n\n\n\n<p>Herhangi bir t\u0131bbi \u00fcr\u00fcn gibi a\u015f\u0131lar da yan etkilere neden olabilir. Grip a\u015f\u0131s\u0131n\u0131n yan etkileri genellikle hafiftir ve birka\u00e7 g\u00fcn i\u00e7inde kendili\u011finden ge\u00e7er. Grip a\u015f\u0131s\u0131n\u0131n yayg\u0131n yan etkileri \u015funlard\u0131r (2):<\/p>\n\n\n\n<ul class=\"wp-block-list\">\n<li>A\u015f\u0131dan kaynaklanan a\u011fr\u0131, k\u0131zar\u0131kl\u0131k ve\/veya \u015fi\u015flik<\/li>\n\n\n\n<li>Ba\u015f a\u011fr\u0131s\u0131<\/li>\n\n\n\n<li>Ate\u015f<\/li>\n\n\n\n<li>Mide bulant\u0131s\u0131<\/li>\n\n\n\n<li>Kas a\u011fr\u0131lar\u0131<\/li>\n<\/ul>\n\n\n\n<p><strong>PN\u00d6MOKOK- ZAT\u00dcRRE A\u015eISI<\/strong><\/p>\n\n\n\n<p>Pn\u00f6mokok kaynakl\u0131 zat\u00fcrre ve \u00f6l\u00fcm riski \u00f6zellikle 65 ya\u015f \u00fczerinde artmaktad\u0131r. Korunmak i\u00e7in; 23 su\u015f i\u00e7eren&nbsp;<em>polisakkarid a\u015f\u0131<\/em>&nbsp;ve 13 su\u015f i\u00e7eren&nbsp;<em>konjuge a\u015f\u0131<\/em>&nbsp;olmak \u00fczere iki tip pn\u00f6mokok a\u015f\u0131s\u0131 vard\u0131r. Daha \u00f6nce a\u015f\u0131lanmam\u0131\u015f, ba\u011f\u0131\u015f\u0131kl\u0131k sistemini bask\u0131layan bir durumu bulunmayan ya\u015fl\u0131larda \u00f6ncelikle&nbsp;<em>konjuge a\u015f\u0131<\/em>&nbsp;yap\u0131lmal\u0131 ve en az bir y\u0131l sonra&nbsp;<em>polisakkarid a\u015f\u0131<\/em>&nbsp;uygulanmal\u0131d\u0131r. \u00d6nce&nbsp;<em>polisakkarid a\u015f\u0131<\/em>&nbsp;yap\u0131lm\u0131\u015fsa bu a\u015f\u0131dan en az bir y\u0131l sonra&nbsp;<em>konjuge a\u015f\u0131<\/em>&nbsp;yap\u0131lmal\u0131d\u0131r. 65 ya\u015f\u0131ndan sonra tek doz&nbsp;<em>konjuge a\u015f\u0131<\/em>&nbsp;ve tek doz&nbsp;<em>polisakkarid a\u015f\u0131<\/em>&nbsp;uygulanmas\u0131 yeterlidir, tekrar edilmesine gerek yoktur. Pn\u00f6mokok a\u015f\u0131s\u0131 uygulamas\u0131 ayr\u0131 b\u00f6lgelere olmak kayd\u0131yla, grip a\u015f\u0131s\u0131 ile e\u015f zamanl\u0131 olarak uygulanabilir.<\/p>\n\n\n\n<p>Ya\u015fl\u0131 hastalarda pn\u00f6mokok a\u015f\u0131s\u0131 ile ilgili detayl\u0131 bilgiye&nbsp;<a href=\"https:\/\/tatd.org.tr\/geriatri\/genel\/covid-19-caginda-yaslilar-zaturre-asisi-olmali-mi\/\">buradan<\/a>&nbsp;ula\u015fabilirsiniz.<\/p>\n\n\n\n<p><strong>CORONAV\u0130R\u00dcS &#8211; COV\u0130D-19 A\u015eISI:&nbsp;<\/strong><\/p>\n\n\n\n<p>Yeni Korona Vir\u00fcs Hastal\u0131\u011f\u0131na (Covid-19) yakalananlar\u0131n \u00f6l\u00fcm oran\u0131 ya\u015fl\u0131larda daha y\u00fcksektir. \u015eimdilik etkin bir tedavisi olmayan Covid-19\u2019a kar\u015f\u0131 onay alan a\u015f\u0131lar risk grubunda olan ya\u015fl\u0131lara uygulanmal\u0131 ve ba\u011f\u0131\u015f\u0131kl\u0131k sa\u011flanmal\u0131d\u0131r.<\/p>\n\n\n\n<p><strong>Neden COVID-19 a\u015f\u0131s\u0131 yap\u0131lmal\u0131?<\/strong><\/p>\n\n\n\n<p>A\u015f\u0131lar, tamamen a\u015f\u0131lanm\u0131\u015f ki\u015filer aras\u0131nda ciddi hastal\u0131k ve \u00f6l\u00fcm riskini azalt\u0131r. Klinik \u00e7al\u0131\u015fmalardan elde edilen verilere ek olarak, d\u00fcnyadaki a\u015f\u0131 etkinli\u011fi \u00e7al\u0131\u015fmalar\u0131ndan elde edilen kan\u0131tlar, COVID-19 a\u015f\u0131lar\u0131n\u0131n semptomlu veya semptomsuz (asemptomatik enfeksiyonlar) COVID-19 enfeksiyonlar\u0131na kar\u015f\u0131 korunmada yard\u0131mc\u0131 oldu\u011funu g\u00f6stermektedir.&nbsp;<\/p>\n\n\n\n<p>COVID-19&#8217;a kar\u015f\u0131 en iyi koruma i\u00e7in a\u015f\u0131lanm\u0131\u015f 65 ya\u015f ve \u00fczerindeki ki\u015filer, sosyal mesafeyi korumak, el hijyeni ve halka a\u00e7\u0131k alanlarda maske takmak dahil olmak \u00fczere di\u011fer ihtiyati tedbirleri almaya devam etmelidir.<\/p>\n\n\n\n<p><strong>COVID-19 a\u015f\u0131s\u0131 sonras\u0131 yan etkiler nelerdir?<\/strong><\/p>\n\n\n\n<p>Bug\u00fcne kadar COVID-19 a\u015f\u0131lar\u0131na y\u00f6nelik gerek y\u00fcr\u00fct\u00fclen klinik \u00e7al\u0131\u015fmalarda gerekse mevcut a\u015f\u0131 uygulamalar\u0131nda ciddi yan etkilere rastlanmam\u0131\u015ft\u0131r. A\u015f\u0131lama sonras\u0131nda g\u00f6r\u00fclen yan etkiler s\u0131kl\u0131kla hafiftir. Bunlar; yorgunluk, ba\u015f a\u011fr\u0131s\u0131, ate\u015f, titreme, kas\/eklem a\u011fr\u0131s\u0131, kusma, ishal, a\u015f\u0131 uygulanan b\u00f6lgede a\u011fr\u0131, k\u0131zar\u0131kl\u0131k, \u015fi\u015flik gibi hafif yan etkilerdir.<\/p>\n\n\n\n<p><strong>Kaynaklar<\/strong><\/p>\n\n\n\n<ol class=\"wp-block-list\" type=\"1\">\n<li><strong>Centers for Disease Control and Prevention. Flu &amp; People 65 Years and Older. Found on the internet at&nbsp;<\/strong><a href=\"https:\/\/www.cdc.gov\/flu\/highrisk\/65over.htm\"><strong>https:\/\/www.cdc.gov\/flu\/highrisk\/65over.htm<\/strong><\/a><strong><\/strong><\/li>\n\n\n\n<li><strong>Centers for Disease Control and Prevention. Flu Vaccine Safety Information Found on the internet at https:\/\/www.cdc.gov\/flu\/prevent\/general.htm<\/strong><\/li>\n<\/ol>\n","protected":false},"excerpt":{"rendered":"<p>\u0130NFLUENZA &#8211; GR\u0130P A\u015eISI Grip ile ili\u015fkili hastal\u0131k komplikasyonlar\u0131 ve \u00f6l\u00fcmlerin b\u00fcy\u00fck \u00e7o\u011funlu\u011fu ya\u015fl\u0131larda g\u00f6r\u00fclmektedir. \u00d6rne\u011fin son y\u0131llarda, mevsimsel gribe ba\u011fl\u0131 \u00f6l\u00fcmlerin&hellip;<\/p>\n","protected":false},"author":1185,"featured_media":466,"comment_status":"open","ping_status":"open","sticky":false,"template":"","format":"standard","meta":{"_acf_changed":false,"inline_featured_image":false,"_lmt_disableupdate":"","_lmt_disable":"","footnotes":""},"categories":[1,10014],"tags":[],"class_list":["post-464","post","type-post","status-publish","format-standard","has-post-thumbnail","hentry","category-genel","category-akademik-blog-yazisi"],"acf":[],"_links":{"self":[{"href":"https:\/\/tatd.org.tr\/geriatri\/wp-json\/wp\/v2\/posts\/464","targetHints":{"allow":["GET"]}}],"collection":[{"href":"https:\/\/tatd.org.tr\/geriatri\/wp-json\/wp\/v2\/posts"}],"about":[{"href":"https:\/\/tatd.org.tr\/geriatri\/wp-json\/wp\/v2\/types\/post"}],"author":[{"embeddable":true,"href":"https:\/\/tatd.org.tr\/geriatri\/wp-json\/wp\/v2\/users\/1185"}],"replies":[{"embeddable":true,"href":"https:\/\/tatd.org.tr\/geriatri\/wp-json\/wp\/v2\/comments?post=464"}],"version-history":[{"count":0,"href":"https:\/\/tatd.org.tr\/geriatri\/wp-json\/wp\/v2\/posts\/464\/revisions"}],"wp:featuredmedia":[{"embeddable":true,"href":"https:\/\/tatd.org.tr\/geriatri\/wp-json\/wp\/v2\/media\/466"}],"wp:attachment":[{"href":"https:\/\/tatd.org.tr\/geriatri\/wp-json\/wp\/v2\/media?parent=464"}],"wp:term":[{"taxonomy":"category","embeddable":true,"href":"https:\/\/tatd.org.tr\/geriatri\/wp-json\/wp\/v2\/categories?post=464"},{"taxonomy":"post_tag","embeddable":true,"href":"https:\/\/tatd.org.tr\/geriatri\/wp-json\/wp\/v2\/tags?post=464"}],"curies":[{"name":"wp","href":"https:\/\/api.w.org\/{rel}","templated":true}]}}