{"id":25841,"date":"2021-03-31T00:00:00","date_gmt":"2021-03-30T21:00:00","guid":{"rendered":"https:\/\/tatd.org.tr\/blog\/2021\/03\/31\/trabzonda-doktora-saldiri-davasinda-yeni-gelisme\/"},"modified":"2021-11-18T17:42:52","modified_gmt":"2021-11-18T14:42:52","slug":"trabzonda-doktora-saldiri-davasinda-yeni-gelisme","status":"publish","type":"post","link":"https:\/\/tatd.org.tr\/en\/haber-ve-duyuru\/trabzonda-doktora-saldiri-davasinda-yeni-gelisme\/","title":{"rendered":"Trabzon&#8217;da Doktora Sald\u0131r\u0131 Davas\u0131nda Yeni Geli\u015fme!"},"content":{"rendered":"<p>Karadeniz&nbsp;Teknik &Uuml;niversitesi T\u0131p Fak&uuml;ltesi Farabi Hastanesi&#8217;nde doktor Esra Ers&ouml;z Gen&ccedil; ile hem\u015fire ve g&uuml;venlik g&ouml;revlisine sald\u0131r\u0131p, oksijen t&uuml;p&uuml;yle kovalad\u0131\u011f\u0131 gerek&ccedil;esiyle tutuksuz yarg\u0131lanan&nbsp;\u0130hsan Ayd\u0131n (35), 5 y\u0131l hapis cezas\u0131na &ccedil;arpt\u0131r\u0131ld\u0131.<\/p>\n<p>Olay, ge&ccedil;en y\u0131l 26 Nisan g&uuml;n&uuml;, Kalk\u0131nma Mahallesi&#8217;ndeki KT&Uuml; T\u0131p Fak&uuml;ltesi Farabi Hastanesi&#8217;nde ya\u015fand\u0131. Akci\u011fer kanseri nedeniyle tedaviye al\u0131nan ve solunum g&uuml;&ccedil;l&uuml;\u011f&uuml; &ccedil;eken 65 ya\u015f\u0131ndaki T.D., doktorlar\u0131n m&uuml;dahalelerine ra\u011fmen hayat\u0131n\u0131 kaybetti. &Ouml;l&uuml;m haberini alan yak\u0131nlar\u0131 ise acil serviste g&ouml;revliler ile tart\u0131\u015fmaya ba\u015flad\u0131. Tart\u0131\u015fman\u0131n b&uuml;y&uuml;mesi &uuml;zerine hasta yak\u0131nlar\u0131ndan baz\u0131lar\u0131 camlar\u0131 k\u0131r\u0131p, oksijen t&uuml;p&uuml;yle acil serviste g&ouml;revli doktor Esra Ers&ouml;z Gen&ccedil;, hem\u015fire Merve Ayd\u0131n ve g&uuml;venlik g&ouml;revlisi G&ouml;khan Bezan&#8217;a sald\u0131rd\u0131. Sald\u0131rganlar, &ouml;zel g&uuml;venlik g&ouml;revlileri ile polis ekiplerince d\u0131\u015far\u0131 &ccedil;\u0131kar\u0131ld\u0131.<\/p>\n<p>Sald\u0131r\u0131dan sonra g&ouml;zalt\u0131na al\u0131nan ve sevk edildi\u011fi adliyeden tutuksuz yarg\u0131lanmak &uuml;zere serbest b\u0131rak\u0131lan&nbsp;\u0130hsan Ayd\u0131n hakk\u0131nda 4&#8217;&uuml;nc&uuml;&nbsp;Asliye Ceza Mahkemesi&#8217;nde dava a&ccedil;\u0131ld\u0131. Yap\u0131lan yarg\u0131lama sonunda tutuksuz san\u0131k \u0130hsan Ayd\u0131n, &#8216;silahla yaralamaya te\u015febb&uuml;s&#8217; su&ccedil;undan beraat ettirilirken, &#8216;kamu mal\u0131na zarar verme&#8217; su&ccedil;undan 5 ay, &#8216;g&ouml;revi yapt\u0131rmamak i&ccedil;in direnme&#8217; su&ccedil;undan 5 ay,&nbsp; &#8216;silahla tehdit&#8217; su&ccedil;undan 3 y\u0131l 1 ay 15 g&uuml;n ve &#8216;i\u015f yeri dokunulmazl\u0131\u011f\u0131n\u0131 ihlal&#8217; su&ccedil;undan 1 y\u0131l 15 g&uuml;n olmak &uuml;zere 5 y\u0131l hapis cezas\u0131na &ccedil;arpt\u0131r\u0131ld\u0131.<\/p>\n<p>T&uuml;rkiye Acil T\u0131p Derne\u011fi vekili Avukat Gonca Karakaptan, &#8220;Sa\u011fl\u0131k &ccedil;al\u0131\u015fanlar\u0131na kar\u015f\u0131 bu d&uuml;\u015fmanca tav\u0131rlar\u0131 g&ouml;rmek, duymak ger&ccedil;ekten &ccedil;ok &uuml;z&uuml;c&uuml;. San\u0131k hakk\u0131nda adil ve cayd\u0131r\u0131c\u0131 bir karar verildi\u011fine inan\u0131yorum. Derne\u011fimiz dava s&uuml;reci boyunca Esra han\u0131m\u0131 yaln\u0131z b\u0131rakmamak i&ccedil;in elinden geleni yapt\u0131. Bu s&uuml;re&ccedil;te yan\u0131m\u0131zda olan KT&Uuml; Acil T\u0131p Anabilim Dal\u0131 ve Dernek Ba\u015fkan\u0131 Say\u0131n Prof. Dr. S&uuml;leyman T&uuml;redi ile KT&Uuml; Farabi Hastanesi&rsquo;ne de te\u015fekk&uuml;r ediyorum&#8221; dedi.<\/p>\n<p>&nbsp;<\/p>\n<p><a title=\"haber61.net\" href=\"https:\/\/www.haber61.net\/trabzon\/trabzonda-doktora-saldiri-davasinda-yeni-gelisme-cezasi-belli-h421344.html?fbclid=IwAR3G6rrPrdYiUOVxozqQl9glb7ZEkux8B63SPS8tbjX4hkV8smbwL9CvfBY\" target=\"_blank\" rel=\"noopener\">Kaynak<\/a><\/p>\n<p>&nbsp;<\/p>\n","protected":false},"excerpt":{"rendered":"<p>Karadeniz&nbsp;Teknik &Uuml;niversitesi T\u0131p Fak&uuml;ltesi Farabi Hastanesi&#8217;nde doktor Esra Ers&ouml;z Gen&ccedil; ile hem\u015fire ve g&uuml;venlik g&ouml;revlisine sald\u0131r\u0131p, oksijen t&uuml;p&uuml;yle kovalad\u0131\u011f\u0131 gerek&ccedil;esiyle tutuksuz yarg\u0131lanan&nbsp;\u0130hsan Ayd\u0131n (35), 5 y\u0131l hapis cezas\u0131na &ccedil;arpt\u0131r\u0131ld\u0131. Olay,&hellip;<\/p>\n","protected":false},"author":1,"featured_media":0,"comment_status":"open","ping_status":"closed","sticky":false,"template":"","format":"standard","meta":{"_acf_changed":false,"inline_featured_image":false,"_lmt_disableupdate":"","_lmt_disable":"","footnotes":""},"categories":[10011],"tags":[],"class_list":["post-25841","post","type-post","status-publish","format-standard","hentry","category-haber-ve-duyuru"],"acf":[],"_links":{"self":[{"href":"https:\/\/tatd.org.tr\/en\/wp-json\/wp\/v2\/posts\/25841","targetHints":{"allow":["GET"]}}],"collection":[{"href":"https:\/\/tatd.org.tr\/en\/wp-json\/wp\/v2\/posts"}],"about":[{"href":"https:\/\/tatd.org.tr\/en\/wp-json\/wp\/v2\/types\/post"}],"author":[{"embeddable":true,"href":"https:\/\/tatd.org.tr\/en\/wp-json\/wp\/v2\/users\/1"}],"replies":[{"embeddable":true,"href":"https:\/\/tatd.org.tr\/en\/wp-json\/wp\/v2\/comments?post=25841"}],"version-history":[{"count":0,"href":"https:\/\/tatd.org.tr\/en\/wp-json\/wp\/v2\/posts\/25841\/revisions"}],"wp:attachment":[{"href":"https:\/\/tatd.org.tr\/en\/wp-json\/wp\/v2\/media?parent=25841"}],"wp:term":[{"taxonomy":"category","embeddable":true,"href":"https:\/\/tatd.org.tr\/en\/wp-json\/wp\/v2\/categories?post=25841"},{"taxonomy":"post_tag","embeddable":true,"href":"https:\/\/tatd.org.tr\/en\/wp-json\/wp\/v2\/tags?post=25841"}],"curies":[{"name":"wp","href":"https:\/\/api.w.org\/{rel}","templated":true}]}}