{"id":25817,"date":"2020-12-20T00:00:00","date_gmt":"2020-12-19T21:00:00","guid":{"rendered":"https:\/\/tatd.org.tr\/blog\/2020\/12\/20\/vefat-ve-bassagligi-5\/"},"modified":"2021-11-19T12:05:58","modified_gmt":"2021-11-19T09:05:58","slug":"vefat-ve-bassagligi-5","status":"publish","type":"post","link":"https:\/\/tatd.org.tr\/en\/kutlama-ve-anma\/vefat-ve-bassagligi-5\/","title":{"rendered":"Vefat ve Ba\u015fsa\u011fl\u0131\u011f\u0131"},"content":{"rendered":"<p><img fetchpriority=\"high\" decoding=\"async\" src=\"https:\/\/tatd.org.tr\/wp-content\/uploads\/2021\/11\/WhatsApp-Image-2020-12-20-at-20.51.11.jpg\" alt=\"\" width=\"297\" height=\"297\" \/><\/p>\n<p>TATD Y&ouml;netim Kurulu &uuml;yelerimizden, TATD &ccedil;al\u0131\u015fma gruplar\u0131 de\u011ferli e\u011fitmenlerimizden, \u015ei\u015fli Hamidiye Etfal E\u011fitim ve Ara\u015ft\u0131rma Hastanesi Acil T\u0131p Klini\u011fi&rsquo;nde g&ouml;rev yapmakta olan Uzm. Dr. &Ouml;zg&uuml;r &Ccedil;EVR\u0130M&rsquo;in annesi vefat etmi\u015ftir. Merhum annesine Allah&rsquo;tan rahmet dilerken, Meslekta\u015f\u0131m\u0131z Uzm. Dr. &Ouml;zg&uuml;r &Ccedil;evrim ba\u015fta olmak &uuml;zere, t&uuml;m yak\u0131nlar\u0131na ve sevenlerine ba\u015f sa\u011fl\u0131\u011f\u0131 ve sab\u0131rlar dileriz. Tedavisi s&uuml;resince ilgi ve emeklerini esirgemeyen, son ana kadar &ccedil;abalayan Dokuz Eyl&uuml;l &Uuml;niversitesi T\u0131p Fak&uuml;ltesi Hastanesi&rsquo;nin de\u011ferli doktor, hem\u015fire ve sa\u011fl\u0131k &ccedil;al\u0131\u015fanlar\u0131na minnetlerimizi sunar\u0131z.<\/p>\n<p>Cenazesi 21 Aral\u0131k Pazartesi g&uuml;n&uuml; ikindi ezan\u0131na m&uuml;teakiben k\u0131l\u0131nacak ikindi cenaze namaz\u0131 ile \u0130zmir Kokluca Kabristan\u0131na defnedilecektir.<\/p>\n<p>T&uuml;rkiye Acil T\u0131p Derne\u011fi<br \/>Y&ouml;netim Kurulu<\/p>\n","protected":false},"excerpt":{"rendered":"<p>TATD Y&ouml;netim Kurulu &uuml;yelerimizden, TATD &ccedil;al\u0131\u015fma gruplar\u0131 de\u011ferli e\u011fitmenlerimizden, \u015ei\u015fli Hamidiye Etfal E\u011fitim ve Ara\u015ft\u0131rma Hastanesi Acil T\u0131p Klini\u011fi&rsquo;nde g&ouml;rev yapmakta olan Uzm. Dr. &Ouml;zg&uuml;r &Ccedil;EVR\u0130M&rsquo;in annesi vefat etmi\u015ftir. Merhum&hellip;<\/p>\n","protected":false},"author":1,"featured_media":25818,"comment_status":"open","ping_status":"closed","sticky":false,"template":"","format":"standard","meta":{"_acf_changed":false,"inline_featured_image":false,"_lmt_disableupdate":"","_lmt_disable":"","footnotes":""},"categories":[10013],"tags":[],"class_list":["post-25817","post","type-post","status-publish","format-standard","has-post-thumbnail","hentry","category-kutlama-ve-anma"],"acf":[],"_links":{"self":[{"href":"https:\/\/tatd.org.tr\/en\/wp-json\/wp\/v2\/posts\/25817","targetHints":{"allow":["GET"]}}],"collection":[{"href":"https:\/\/tatd.org.tr\/en\/wp-json\/wp\/v2\/posts"}],"about":[{"href":"https:\/\/tatd.org.tr\/en\/wp-json\/wp\/v2\/types\/post"}],"author":[{"embeddable":true,"href":"https:\/\/tatd.org.tr\/en\/wp-json\/wp\/v2\/users\/1"}],"replies":[{"embeddable":true,"href":"https:\/\/tatd.org.tr\/en\/wp-json\/wp\/v2\/comments?post=25817"}],"version-history":[{"count":0,"href":"https:\/\/tatd.org.tr\/en\/wp-json\/wp\/v2\/posts\/25817\/revisions"}],"wp:featuredmedia":[{"embeddable":true,"href":"https:\/\/tatd.org.tr\/en\/wp-json\/wp\/v2\/media\/25818"}],"wp:attachment":[{"href":"https:\/\/tatd.org.tr\/en\/wp-json\/wp\/v2\/media?parent=25817"}],"wp:term":[{"taxonomy":"category","embeddable":true,"href":"https:\/\/tatd.org.tr\/en\/wp-json\/wp\/v2\/categories?post=25817"},{"taxonomy":"post_tag","embeddable":true,"href":"https:\/\/tatd.org.tr\/en\/wp-json\/wp\/v2\/tags?post=25817"}],"curies":[{"name":"wp","href":"https:\/\/api.w.org\/{rel}","templated":true}]}}