{"id":25798,"date":"2020-11-07T00:00:00","date_gmt":"2020-11-06T21:00:00","guid":{"rendered":"https:\/\/tatd.org.tr\/blog\/2020\/11\/07\/acep-2020-kuresel-liderlik-odulu-sahiplerini-buldu\/"},"modified":"2021-11-18T17:50:17","modified_gmt":"2021-11-18T14:50:17","slug":"acep-2020-kuresel-liderlik-odulu-sahiplerini-buldu","status":"publish","type":"post","link":"https:\/\/tatd.org.tr\/en\/haber-ve-duyuru\/acep-2020-kuresel-liderlik-odulu-sahiplerini-buldu\/","title":{"rendered":"ACEP 2020 K\u00fcresel Liderlik \u00d6d\u00fcl\u00fc Sahiplerini Buldu!.."},"content":{"rendered":"<p><img fetchpriority=\"high\" decoding=\"async\" src=\"https:\/\/tatd.org.tr\/wp-content\/uploads\/2021\/11\/WhatsApp-Image-2020-11-06-at-22.01.19.jpg\" alt=\"\" width=\"397\" height=\"397\" \/><\/p>\n<p>&nbsp;<\/p>\n<p>Sayg\u0131de\u011fer &Uuml;yelerimiz,<\/p>\n<p>&nbsp;<\/p>\n<p>\u0130lk defa 2019 y\u0131l\u0131nda <strong>ACEP<\/strong> taraf\u0131ndan verilen K&uuml;resel Liderlik &Ouml;d&uuml;l&uuml;, D&uuml;nya&rsquo;n\u0131n &ccedil;e\u015fitli &uuml;lkelerindeki Acil T\u0131p Uzmanlar\u0131 se&ccedil;ilirken; T&uuml;rkiye&rsquo;den ilk kez &uuml;yemiz <strong>Dr. \u0130brahim Ula\u015f &Ouml;zturan<\/strong>&rsquo;a verilmi\u015ftir. &Uuml;lkemizi gururland\u0131rm\u0131\u015ft\u0131r. 2020 y\u0131l\u0131nda ise bu &ouml;d&uuml;le derne\u011fimiz &uuml;yelerimizden <strong>Dr. Salahi Engin<\/strong> ve <strong>Dr. Murat &Ccedil;etin<\/strong> lay\u0131k g&ouml;r&uuml;lm&uuml;\u015ft&uuml;r. Kendilerini tebrik ediyor, ba\u015far\u0131lar\u0131n\u0131n devam\u0131n\u0131 diliyoruz.<\/p>\n<p>&nbsp;<\/p>\n<p><em>T&uuml;rkiye Acil T\u0131p Derne\u011fi<\/em><\/p>\n<p><em>Y&ouml;netim Kurulu<\/em><\/p>\n","protected":false},"excerpt":{"rendered":"<p>&nbsp; Sayg\u0131de\u011fer &Uuml;yelerimiz, &nbsp; \u0130lk defa 2019 y\u0131l\u0131nda ACEP taraf\u0131ndan verilen K&uuml;resel Liderlik &Ouml;d&uuml;l&uuml;, D&uuml;nya&rsquo;n\u0131n &ccedil;e\u015fitli &uuml;lkelerindeki Acil T\u0131p Uzmanlar\u0131 se&ccedil;ilirken; T&uuml;rkiye&rsquo;den ilk kez &uuml;yemiz Dr. \u0130brahim Ula\u015f &Ouml;zturan&rsquo;a verilmi\u015ftir.&hellip;<\/p>\n","protected":false},"author":1,"featured_media":25799,"comment_status":"open","ping_status":"closed","sticky":false,"template":"","format":"standard","meta":{"_acf_changed":false,"inline_featured_image":false,"_lmt_disableupdate":"","_lmt_disable":"","footnotes":""},"categories":[10011],"tags":[],"class_list":["post-25798","post","type-post","status-publish","format-standard","has-post-thumbnail","hentry","category-haber-ve-duyuru"],"acf":[],"_links":{"self":[{"href":"https:\/\/tatd.org.tr\/en\/wp-json\/wp\/v2\/posts\/25798","targetHints":{"allow":["GET"]}}],"collection":[{"href":"https:\/\/tatd.org.tr\/en\/wp-json\/wp\/v2\/posts"}],"about":[{"href":"https:\/\/tatd.org.tr\/en\/wp-json\/wp\/v2\/types\/post"}],"author":[{"embeddable":true,"href":"https:\/\/tatd.org.tr\/en\/wp-json\/wp\/v2\/users\/1"}],"replies":[{"embeddable":true,"href":"https:\/\/tatd.org.tr\/en\/wp-json\/wp\/v2\/comments?post=25798"}],"version-history":[{"count":0,"href":"https:\/\/tatd.org.tr\/en\/wp-json\/wp\/v2\/posts\/25798\/revisions"}],"wp:featuredmedia":[{"embeddable":true,"href":"https:\/\/tatd.org.tr\/en\/wp-json\/wp\/v2\/media\/25799"}],"wp:attachment":[{"href":"https:\/\/tatd.org.tr\/en\/wp-json\/wp\/v2\/media?parent=25798"}],"wp:term":[{"taxonomy":"category","embeddable":true,"href":"https:\/\/tatd.org.tr\/en\/wp-json\/wp\/v2\/categories?post=25798"},{"taxonomy":"post_tag","embeddable":true,"href":"https:\/\/tatd.org.tr\/en\/wp-json\/wp\/v2\/tags?post=25798"}],"curies":[{"name":"wp","href":"https:\/\/api.w.org\/{rel}","templated":true}]}}