{"id":25783,"date":"2020-09-29T00:00:00","date_gmt":"2020-09-28T21:00:00","guid":{"rendered":"https:\/\/tatd.org.tr\/blog\/2020\/09\/29\/kutlama-sn-doc-dr-mehmet-cagri-goktekin\/"},"modified":"2021-11-21T10:54:48","modified_gmt":"2021-11-21T07:54:48","slug":"kutlama-sn-doc-dr-mehmet-cagri-goktekin","status":"publish","type":"post","link":"https:\/\/tatd.org.tr\/en\/kutlama-ve-anma\/kutlama-sn-doc-dr-mehmet-cagri-goktekin\/","title":{"rendered":"Kutlama, Sn. Do\u00e7. Dr. Mehmet \u00c7a\u011fr\u0131 G\u00f6ktekin"},"content":{"rendered":"<p>Sayg\u0131de\u011fer&nbsp;&Uuml;yelerimiz,<\/p>\n<p>F\u0131rat &Uuml;niversitesi T\u0131p Fak&uuml;ltesi Acil T\u0131p Anabilim Dal\u0131 &Ouml;\u011fretim &Uuml;yelerinden Say\u0131n Dr. Mehmet &Ccedil;a\u011fr\u0131 G&Ouml;KTEK\u0130N, Do&ccedil;entlik &uuml;nvan\u0131n\u0131 alm\u0131\u015ft\u0131r. T&uuml;rkiye Acil T\u0131p Derne\u011fi Y&ouml;netim Kurulu olarak&nbsp;<strong>Do&ccedil;. Dr. Mehmet &Ccedil;a\u011fr\u0131 G&Ouml;KTEK\u0130N<\/strong>&nbsp;&#8216;i kutlar, yeni akademik &uuml;nvan\u0131n\u0131n kendisine ve &uuml;lkemize hay\u0131rl\u0131 olmas\u0131n\u0131 dileriz.<\/p>\n<p>T&uuml;rkiye Acil t\u0131p Derne\u011fi<\/p>\n<p>Y&ouml;netim Kurulu<\/p>\n<p>&nbsp;<\/p>\n","protected":false},"excerpt":{"rendered":"<p>Sayg\u0131de\u011fer&nbsp;&Uuml;yelerimiz, F\u0131rat &Uuml;niversitesi T\u0131p Fak&uuml;ltesi Acil T\u0131p Anabilim Dal\u0131 &Ouml;\u011fretim &Uuml;yelerinden Say\u0131n Dr. Mehmet &Ccedil;a\u011fr\u0131 G&Ouml;KTEK\u0130N, Do&ccedil;entlik &uuml;nvan\u0131n\u0131 alm\u0131\u015ft\u0131r. T&uuml;rkiye Acil T\u0131p Derne\u011fi Y&ouml;netim Kurulu olarak&nbsp;Do&ccedil;. Dr. Mehmet &Ccedil;a\u011fr\u0131 G&Ouml;KTEK\u0130N&nbsp;&#8216;i&hellip;<\/p>\n","protected":false},"author":1,"featured_media":0,"comment_status":"open","ping_status":"closed","sticky":false,"template":"","format":"standard","meta":{"_acf_changed":false,"inline_featured_image":false,"_lmt_disableupdate":"","_lmt_disable":"","footnotes":""},"categories":[10013],"tags":[],"class_list":["post-25783","post","type-post","status-publish","format-standard","hentry","category-kutlama-ve-anma"],"acf":[],"_links":{"self":[{"href":"https:\/\/tatd.org.tr\/en\/wp-json\/wp\/v2\/posts\/25783","targetHints":{"allow":["GET"]}}],"collection":[{"href":"https:\/\/tatd.org.tr\/en\/wp-json\/wp\/v2\/posts"}],"about":[{"href":"https:\/\/tatd.org.tr\/en\/wp-json\/wp\/v2\/types\/post"}],"author":[{"embeddable":true,"href":"https:\/\/tatd.org.tr\/en\/wp-json\/wp\/v2\/users\/1"}],"replies":[{"embeddable":true,"href":"https:\/\/tatd.org.tr\/en\/wp-json\/wp\/v2\/comments?post=25783"}],"version-history":[{"count":0,"href":"https:\/\/tatd.org.tr\/en\/wp-json\/wp\/v2\/posts\/25783\/revisions"}],"wp:attachment":[{"href":"https:\/\/tatd.org.tr\/en\/wp-json\/wp\/v2\/media?parent=25783"}],"wp:term":[{"taxonomy":"category","embeddable":true,"href":"https:\/\/tatd.org.tr\/en\/wp-json\/wp\/v2\/categories?post=25783"},{"taxonomy":"post_tag","embeddable":true,"href":"https:\/\/tatd.org.tr\/en\/wp-json\/wp\/v2\/tags?post=25783"}],"curies":[{"name":"wp","href":"https:\/\/api.w.org\/{rel}","templated":true}]}}