{"id":25755,"date":"2020-07-09T00:00:00","date_gmt":"2020-07-08T21:00:00","guid":{"rendered":"https:\/\/tatd.org.tr\/blog\/2020\/07\/09\/basimiz-sag-olsun\/"},"modified":"2021-11-21T10:58:30","modified_gmt":"2021-11-21T07:58:30","slug":"basimiz-sag-olsun","status":"publish","type":"post","link":"https:\/\/tatd.org.tr\/en\/kutlama-ve-anma\/basimiz-sag-olsun\/","title":{"rendered":"Ba\u015f\u0131m\u0131z Sa\u011f Olsun&#8230;"},"content":{"rendered":"<p>Sayg\u0131de\u011fer &Uuml;yelerimiz,<\/p>\n<p>&nbsp;<br \/>Ayd\u0131n Adnan Menderes &Uuml;niversitesi T\u0131p Fak&uuml;ltesi Acil T\u0131p Anabilim Dal\u0131 asistanlar\u0131ndan <strong>Dr. Emrah G&uuml;rsoy<\/strong>&rsquo;un vefat haberini b&uuml;y&uuml;k bir &uuml;z&uuml;nt&uuml; ile alm\u0131\u015f bulunuyoruz. TATD Y&ouml;netim Kurulu olarak meslekta\u015f\u0131m\u0131za Allah&#8217;tan rahmet, kederli ailesine ve &ccedil;al\u0131\u015fma arkada\u015flar\u0131na ba\u015fsa\u011fl\u0131\u011f\u0131 diliyoruz.<\/p>\n<p>T&uuml;rkiye Acil T\u0131p Derne\u011fi&nbsp;<br \/>Y&ouml;netim Kurulu<\/p>\n","protected":false},"excerpt":{"rendered":"<p>Sayg\u0131de\u011fer &Uuml;yelerimiz, &nbsp;Ayd\u0131n Adnan Menderes &Uuml;niversitesi T\u0131p Fak&uuml;ltesi Acil T\u0131p Anabilim Dal\u0131 asistanlar\u0131ndan Dr. Emrah G&uuml;rsoy&rsquo;un vefat haberini b&uuml;y&uuml;k bir &uuml;z&uuml;nt&uuml; ile alm\u0131\u015f bulunuyoruz. TATD Y&ouml;netim Kurulu olarak meslekta\u015f\u0131m\u0131za Allah&#8217;tan&hellip;<\/p>\n","protected":false},"author":1,"featured_media":0,"comment_status":"open","ping_status":"closed","sticky":false,"template":"","format":"standard","meta":{"_acf_changed":false,"inline_featured_image":false,"_lmt_disableupdate":"","_lmt_disable":"","footnotes":""},"categories":[10013],"tags":[],"class_list":["post-25755","post","type-post","status-publish","format-standard","hentry","category-kutlama-ve-anma"],"acf":[],"_links":{"self":[{"href":"https:\/\/tatd.org.tr\/en\/wp-json\/wp\/v2\/posts\/25755","targetHints":{"allow":["GET"]}}],"collection":[{"href":"https:\/\/tatd.org.tr\/en\/wp-json\/wp\/v2\/posts"}],"about":[{"href":"https:\/\/tatd.org.tr\/en\/wp-json\/wp\/v2\/types\/post"}],"author":[{"embeddable":true,"href":"https:\/\/tatd.org.tr\/en\/wp-json\/wp\/v2\/users\/1"}],"replies":[{"embeddable":true,"href":"https:\/\/tatd.org.tr\/en\/wp-json\/wp\/v2\/comments?post=25755"}],"version-history":[{"count":0,"href":"https:\/\/tatd.org.tr\/en\/wp-json\/wp\/v2\/posts\/25755\/revisions"}],"wp:attachment":[{"href":"https:\/\/tatd.org.tr\/en\/wp-json\/wp\/v2\/media?parent=25755"}],"wp:term":[{"taxonomy":"category","embeddable":true,"href":"https:\/\/tatd.org.tr\/en\/wp-json\/wp\/v2\/categories?post=25755"},{"taxonomy":"post_tag","embeddable":true,"href":"https:\/\/tatd.org.tr\/en\/wp-json\/wp\/v2\/tags?post=25755"}],"curies":[{"name":"wp","href":"https:\/\/api.w.org\/{rel}","templated":true}]}}