{"id":25753,"date":"2020-06-25T00:00:00","date_gmt":"2020-06-24T21:00:00","guid":{"rendered":"https:\/\/tatd.org.tr\/blog\/2020\/06\/25\/turkiye-acil-tip-dernegi-ve-philips-isbirligi\/"},"modified":"2021-11-18T17:42:39","modified_gmt":"2021-11-18T14:42:39","slug":"turkiye-acil-tip-dernegi-ve-philips-isbirligi","status":"publish","type":"post","link":"https:\/\/tatd.org.tr\/en\/haber-ve-duyuru\/turkiye-acil-tip-dernegi-ve-philips-isbirligi\/","title":{"rendered":"T\u00fcrkiye Acil T\u0131p Derne\u011fi ve Philips \u0130\u015fbirli\u011fi"},"content":{"rendered":"<h4>D&uuml;nya &ccedil;ap\u0131nda dezavantajl\u0131 b&ouml;lgelere sa\u011fl\u0131k hizmetlerine eri\u015fimi sa\u011flayan Philips Vakf\u0131, Philips T&uuml;rkiye i\u015fbirli\u011fi ile T&uuml;rkiye&rsquo;nin COVID-19 m&uuml;cadelesi kapsam\u0131nda T&uuml;rkiye Acil T\u0131p Derne\u011fi y&ouml;nlendirmesiyle sa\u011fl\u0131k &ccedil;al\u0131\u015fanlar\u0131na t\u0131bbi cihaz ba\u011f\u0131\u015f\u0131 deste\u011finde bulundu\u011funu duyurdu.<\/h4>\n<p>&nbsp;<\/p>\n<p>Bu s&uuml;re&ccedil;te d&uuml;nya genelinde pek &ccedil;ok &uuml;lkeye yard\u0131mlar\u0131n\u0131 ula\u015ft\u0131ran Philips Vakf\u0131, Philips T&uuml;rkiye i\u015f birli\u011fi ve T&uuml;rkiye Acil T\u0131p Derne\u011fi&rsquo;nin y&ouml;nlendirmesiyle hastanelerin acil servislerine mobil ultrason &uuml;r&uuml;nlerini ba\u011f\u0131\u015flad\u0131. Ultrason cihazlar\u0131 ambulanslar, hastaneler ve acil servisler de dahil olmak &uuml;zere &ccedil;e\u015fitli alanlarda, akci\u011ferde COVID-19&rsquo;dan kaynaklanan g&ouml;r&uuml;nt&uuml; de\u011fi\u015fikliklerinin tespit edilebilmesi veya olas\u0131 kardiyak komplikasyonlar i&ccedil;in tarama yapmak, hastal\u0131\u011f\u0131n s&uuml;recini tespit etmek ve izlemek i&ccedil;in kullan\u0131l\u0131yor. Bu sayede, sa\u011fl\u0131k &ccedil;al\u0131\u015fanlar\u0131 vir&uuml;se maruz kalan hastalar\u0131 daha kolay bir \u015fekilde izleyerek, hastalara daha iyi bak\u0131m sa\u011flayabiliyor.<\/p>\n<p>&nbsp;<\/p>\n<p>Philips T&uuml;rkiye CEO&rsquo;su Haluk Karabatak: &#8220;\u0130nsan\u0131 i\u015fin merkezine alan lider bir sa\u011fl\u0131k teknoloji \u015firketi olarak, geli\u015ftirdi\u011fimiz inovatif &uuml;r&uuml;n ve hizmetlerimiz ile t&uuml;keticilerimizin her zaman yan\u0131nday\u0131z. T&uuml;m d&uuml;nyan\u0131n da sava\u015ft\u0131\u011f\u0131 COVID-19 ile m&uuml;cadele kapsam\u0131nda sa\u011fl\u0131k profesyonellerini desteklemek bizi gururland\u0131rd\u0131. Sa\u011fl\u0131k sistemini desteklemenin ne kadar &ouml;nemli oldu\u011fu biliyoruz ve bu konudaki sorumlulu\u011fumuzun fark\u0131nday\u0131z. T&uuml;rkiye Acil T\u0131p Derne\u011fi&rsquo;nin i\u015f birli\u011fi ile ihtiya&ccedil; duyan hastanelere mobil ultrason &uuml;r&uuml;n&uuml;m&uuml;z&uuml; ula\u015ft\u0131rarak, COVID-19 m&uuml;cadelesine deste\u011fimizi s&uuml;rd&uuml;r&uuml;yoruz. Bu do\u011frultuda i\u015f birlikleri i&ccedil;in hem Philips Vakf\u0131&rsquo;na hem de T&uuml;rkiye Acil T\u0131p Derne\u011fi&rsquo;ne &ccedil;ok te\u015fekk&uuml;r ederim&rdquo;&nbsp;dedi.<\/p>\n<p>&nbsp;<\/p>\n<p>T&uuml;rkiye Acil T\u0131p Derne\u011fi Genel Sekreteri Do&ccedil;. Dr. B&uuml;lent Erbil:&nbsp;&ldquo;T&uuml;m d&uuml;nyada oldu\u011fu gibi T&uuml;rkiye&rsquo;de de m&uuml;cadele etti\u011fimiz COVID-19 i&ccedil;in en ba\u015f\u0131ndan beri t&uuml;m sa\u011fl\u0131k &ccedil;al\u0131\u015fanlar\u0131 ile omuz omuza &ccedil;al\u0131\u015f\u0131yoruz. Biliyoruz ki her hastanenin kapasitesi, insan kayna\u011f\u0131 ve teknik olanaklar\u0131 birbirinden farkl\u0131. Philips Vakf\u0131 ve Philips T&uuml;rkiye taraf\u0131ndan yap\u0131lan teknolojik t\u0131bbi cihaz ba\u011f\u0131\u015f\u0131 bu noktada de\u011ferli olmu\u015ftur. Hastanelerin acil servislerine destek olan Philips Vakf\u0131 ve Philips&rsquo;e te\u015fekk&uuml;r ediyorum&rdquo;&nbsp;dedi.<\/p>\n<h4>&nbsp;<\/h4>\n","protected":false},"excerpt":{"rendered":"<p>D&uuml;nya &ccedil;ap\u0131nda dezavantajl\u0131 b&ouml;lgelere sa\u011fl\u0131k hizmetlerine eri\u015fimi sa\u011flayan Philips Vakf\u0131, Philips T&uuml;rkiye i\u015fbirli\u011fi ile T&uuml;rkiye&rsquo;nin COVID-19 m&uuml;cadelesi kapsam\u0131nda T&uuml;rkiye Acil T\u0131p Derne\u011fi y&ouml;nlendirmesiyle sa\u011fl\u0131k &ccedil;al\u0131\u015fanlar\u0131na t\u0131bbi cihaz ba\u011f\u0131\u015f\u0131 deste\u011finde bulundu\u011funu&hellip;<\/p>\n","protected":false},"author":1,"featured_media":0,"comment_status":"open","ping_status":"closed","sticky":false,"template":"","format":"standard","meta":{"_acf_changed":false,"inline_featured_image":false,"_lmt_disableupdate":"","_lmt_disable":"","footnotes":""},"categories":[10011],"tags":[],"class_list":["post-25753","post","type-post","status-publish","format-standard","hentry","category-haber-ve-duyuru"],"acf":[],"_links":{"self":[{"href":"https:\/\/tatd.org.tr\/en\/wp-json\/wp\/v2\/posts\/25753","targetHints":{"allow":["GET"]}}],"collection":[{"href":"https:\/\/tatd.org.tr\/en\/wp-json\/wp\/v2\/posts"}],"about":[{"href":"https:\/\/tatd.org.tr\/en\/wp-json\/wp\/v2\/types\/post"}],"author":[{"embeddable":true,"href":"https:\/\/tatd.org.tr\/en\/wp-json\/wp\/v2\/users\/1"}],"replies":[{"embeddable":true,"href":"https:\/\/tatd.org.tr\/en\/wp-json\/wp\/v2\/comments?post=25753"}],"version-history":[{"count":0,"href":"https:\/\/tatd.org.tr\/en\/wp-json\/wp\/v2\/posts\/25753\/revisions"}],"wp:attachment":[{"href":"https:\/\/tatd.org.tr\/en\/wp-json\/wp\/v2\/media?parent=25753"}],"wp:term":[{"taxonomy":"category","embeddable":true,"href":"https:\/\/tatd.org.tr\/en\/wp-json\/wp\/v2\/categories?post=25753"},{"taxonomy":"post_tag","embeddable":true,"href":"https:\/\/tatd.org.tr\/en\/wp-json\/wp\/v2\/tags?post=25753"}],"curies":[{"name":"wp","href":"https:\/\/api.w.org\/{rel}","templated":true}]}}