{"id":25742,"date":"2020-06-04T00:00:00","date_gmt":"2020-06-03T21:00:00","guid":{"rendered":"https:\/\/tatd.org.tr\/blog\/2020\/06\/04\/kutlama-sn-doc-dr-mustafa-ahmet-afacan\/"},"modified":"2021-11-21T11:00:16","modified_gmt":"2021-11-21T08:00:16","slug":"kutlama-sn-doc-dr-mustafa-ahmet-afacan","status":"publish","type":"post","link":"https:\/\/tatd.org.tr\/en\/kutlama-ve-anma\/kutlama-sn-doc-dr-mustafa-ahmet-afacan\/","title":{"rendered":"Kutlama, Sn. Do\u00e7. Dr. Mustafa Ahmet Afacan"},"content":{"rendered":"<p><img fetchpriority=\"high\" decoding=\"async\" src=\"https:\/\/tatd.org.tr\/wp-content\/uploads\/2021\/11\/ahmet-afacan.jpg\" alt=\"\" width=\"227\" height=\"288\" \/><\/p>\n<p>&nbsp;<\/p>\n<p>Sayg\u0131de\u011fer&nbsp;&Uuml;yelerimiz,<\/p>\n<p>Haydarpa\u015fa Numune&nbsp;E\u011fitim ve Ara\u015ft\u0131rma Hastanesi Acil T\u0131p Klini\u011fi &#8216;nde g&ouml;rev alan&nbsp;Sn. Dr. Mustafa Ahmet Afacan; Do&ccedil;entlik &uuml;nvan\u0131n\u0131 alm\u0131\u015ft\u0131r. T&uuml;rkiye Acil T\u0131p Derne\u011fi Y&ouml;netim Kurulu olarak&nbsp;<strong>Sn.&nbsp;Do&ccedil;. Dr. Mustafa Ahmet Afacan<\/strong>&#8216;\u0131 kutlar, yeni akademik kariyerinin kendisine ve &uuml;lkemize hay\u0131rl\u0131 olmas\u0131n\u0131 dileriz.<\/p>\n<p>T&uuml;rkiye Acil T\u0131p Derne\u011fi<br \/>Y&ouml;netim Kurulu<\/p>\n<p>&nbsp;<\/p>\n","protected":false},"excerpt":{"rendered":"<p>&nbsp; Sayg\u0131de\u011fer&nbsp;&Uuml;yelerimiz, Haydarpa\u015fa Numune&nbsp;E\u011fitim ve Ara\u015ft\u0131rma Hastanesi Acil T\u0131p Klini\u011fi &#8216;nde g&ouml;rev alan&nbsp;Sn. Dr. Mustafa Ahmet Afacan; Do&ccedil;entlik &uuml;nvan\u0131n\u0131 alm\u0131\u015ft\u0131r. T&uuml;rkiye Acil T\u0131p Derne\u011fi Y&ouml;netim Kurulu olarak&nbsp;Sn.&nbsp;Do&ccedil;. Dr. Mustafa Ahmet&hellip;<\/p>\n","protected":false},"author":1,"featured_media":25743,"comment_status":"open","ping_status":"closed","sticky":false,"template":"","format":"standard","meta":{"_acf_changed":false,"inline_featured_image":false,"_lmt_disableupdate":"","_lmt_disable":"","footnotes":""},"categories":[10013],"tags":[],"class_list":["post-25742","post","type-post","status-publish","format-standard","has-post-thumbnail","hentry","category-kutlama-ve-anma"],"acf":[],"_links":{"self":[{"href":"https:\/\/tatd.org.tr\/en\/wp-json\/wp\/v2\/posts\/25742","targetHints":{"allow":["GET"]}}],"collection":[{"href":"https:\/\/tatd.org.tr\/en\/wp-json\/wp\/v2\/posts"}],"about":[{"href":"https:\/\/tatd.org.tr\/en\/wp-json\/wp\/v2\/types\/post"}],"author":[{"embeddable":true,"href":"https:\/\/tatd.org.tr\/en\/wp-json\/wp\/v2\/users\/1"}],"replies":[{"embeddable":true,"href":"https:\/\/tatd.org.tr\/en\/wp-json\/wp\/v2\/comments?post=25742"}],"version-history":[{"count":0,"href":"https:\/\/tatd.org.tr\/en\/wp-json\/wp\/v2\/posts\/25742\/revisions"}],"wp:featuredmedia":[{"embeddable":true,"href":"https:\/\/tatd.org.tr\/en\/wp-json\/wp\/v2\/media\/25743"}],"wp:attachment":[{"href":"https:\/\/tatd.org.tr\/en\/wp-json\/wp\/v2\/media?parent=25742"}],"wp:term":[{"taxonomy":"category","embeddable":true,"href":"https:\/\/tatd.org.tr\/en\/wp-json\/wp\/v2\/categories?post=25742"},{"taxonomy":"post_tag","embeddable":true,"href":"https:\/\/tatd.org.tr\/en\/wp-json\/wp\/v2\/tags?post=25742"}],"curies":[{"name":"wp","href":"https:\/\/api.w.org\/{rel}","templated":true}]}}