{"id":25659,"date":"2019-10-11T00:00:00","date_gmt":"2019-10-10T21:00:00","guid":{"rendered":"https:\/\/tatd.org.tr\/blog\/2019\/10\/11\/tatd-basketbol-acil-ligi-basliyor\/"},"modified":"2021-11-18T17:49:52","modified_gmt":"2021-11-18T14:49:52","slug":"tatd-basketbol-acil-ligi-basliyor","status":"publish","type":"post","link":"https:\/\/tatd.org.tr\/en\/haber-ve-duyuru\/tatd-basketbol-acil-ligi-basliyor\/","title":{"rendered":"TATD Basketbol Acil Ligi Ba\u015fl\u0131yor..!"},"content":{"rendered":"<p style=\"text-align: center;\"><img decoding=\"async\" src=\"https:\/\/tatd.org.tr\/wp-content\/uploads\/2021\/11\/BAL-LOGO.png\" alt=\"\" width=\"198\" height=\"201\" \/><\/p>\n<p>&nbsp;<\/p>\n<p>De\u011ferli Meslekta\u015flar\u0131m\u0131z ve Sevgili Basketbolseverler,<\/p>\n<p>&Ouml;ncelikle \u015fu s\u0131ralar devam etmekte olan &#8220;Bar\u0131\u015f P\u0131nar\u0131&#8221; harekat\u0131 sebebi ile s\u0131n\u0131r b&ouml;lgelerimizde g&ouml;rev yapmakta olan kahraman ordumuza, ba\u015fta Acil T\u0131p Hekimlerimiz olmak &uuml;zere t&uuml;m personellerimize ve halk\u0131m\u0131za kolayl\u0131klar,&nbsp;\u015fehitlerimize&nbsp;Allah&rsquo;tan rahmet, yaralanan mehmet&ccedil;iklerimiz ile vatanda\u015flar\u0131m\u0131za acil \u015fifalar dileriz.<\/p>\n<p>&nbsp;<\/p>\n<p>Ge&ccedil;ti\u011fimiz y\u0131l &uuml;lkemize kazand\u0131rd\u0131\u011f\u0131m\u0131z ve bar\u0131nd\u0131rd\u0131\u011f\u0131 &ouml;zellikleri ile t&uuml;m t\u0131p bran\u015f dernekleri aras\u0131nda TATD farkl\u0131l\u0131\u011f\u0131n\u0131 a&ccedil;\u0131k&ccedil;a ortaya koyan Basketbol Acil Ligi; daha &ouml;nceden de duyurdu\u011fumuz &uuml;zere, 2. sezonunu gelecek hafta a&ccedil;acak.<\/p>\n<p>&nbsp;<\/p>\n<p>&Uuml;lkemizin t\u0131p bilimleri i&ccedil;inde tek resmi basketbol organizasyonu olan TATD BAL&#8217;\u0131n, TBF ve Spor B. te\u015fkilatlar\u0131ndan ald\u0131\u011f\u0131 de\u011ferli destekler ile birbirinden keyifli m&uuml;cadelelere ev sahipli\u011fi yapaca\u011f\u0131n\u0131 inanmaktay\u0131z. Zira, ligimiz bu y\u0131l daha da geli\u015ferek ilk sezonun aksine; Ulusal lig haline gelmek sureti ile, 2&#8242; si \u0130zmir, 1&#8217;i Ankara toplam 14 tak\u0131m\u0131n kat\u0131laca\u011f\u0131 ve yakla\u015f\u0131k 9 ay s&uuml;recek bir sezonla kar\u015f\u0131n\u0131zda olacak.<\/p>\n<p>&nbsp;<\/p>\n<p>\u0130kinci sezonumuzda da &#8220;Dostluk ve Karde\u015flik&#8221; ruhunun en &uuml;st d&uuml;zeyde tutulaca\u011f\u0131ndan \u015f&uuml;phemiz yok. Bu vesile ile sizleri, pek &ccedil;ok &uuml;st d&uuml;zey y&ouml;netici ve b&uuml;rokrat\u0131n da a&ccedil;\u0131l\u0131\u015f\u0131nda olaca\u011f\u0131 ilk hafta ma&ccedil;lar\u0131na davet etmek isteriz.<\/p>\n<p>&nbsp;<\/p>\n<p>15 Ekim 2019 (&Ouml;n&uuml;m&uuml;zdeki Sal\u0131 g&uuml;n&uuml;) tarihindeki Program ak\u0131\u015f\u0131m\u0131z a\u015fa\u011f\u0131daki gibi olacak olup, ma&ccedil;lar\u0131m\u0131z Cafera\u011fa Spor Kompleksi &#8211; Moda\/Kad\u0131k&ouml;y de ger&ccedil;ekle\u015ftirilecektir.<\/p>\n<p>&nbsp;<\/p>\n<p><em>Sevgi ve Sayg\u0131lar\u0131m\u0131zla<\/em><br \/><em>TATD YK ad\u0131na,<\/em><br \/><strong><em>Do&ccedil;. Dr. Serkan Emre Ero\u011flu<\/em><\/strong><\/p>\n<p>&nbsp;<\/p>\n","protected":false},"excerpt":{"rendered":"<p>&nbsp; De\u011ferli Meslekta\u015flar\u0131m\u0131z ve Sevgili Basketbolseverler, &Ouml;ncelikle \u015fu s\u0131ralar devam etmekte olan &#8220;Bar\u0131\u015f P\u0131nar\u0131&#8221; harekat\u0131 sebebi ile s\u0131n\u0131r b&ouml;lgelerimizde g&ouml;rev yapmakta olan kahraman ordumuza, ba\u015fta Acil T\u0131p Hekimlerimiz olmak &uuml;zere&hellip;<\/p>\n","protected":false},"author":1,"featured_media":25660,"comment_status":"open","ping_status":"closed","sticky":false,"template":"","format":"standard","meta":{"_acf_changed":false,"inline_featured_image":false,"_lmt_disableupdate":"","_lmt_disable":"","footnotes":""},"categories":[10011],"tags":[],"class_list":["post-25659","post","type-post","status-publish","format-standard","has-post-thumbnail","hentry","category-haber-ve-duyuru"],"acf":[],"_links":{"self":[{"href":"https:\/\/tatd.org.tr\/en\/wp-json\/wp\/v2\/posts\/25659","targetHints":{"allow":["GET"]}}],"collection":[{"href":"https:\/\/tatd.org.tr\/en\/wp-json\/wp\/v2\/posts"}],"about":[{"href":"https:\/\/tatd.org.tr\/en\/wp-json\/wp\/v2\/types\/post"}],"author":[{"embeddable":true,"href":"https:\/\/tatd.org.tr\/en\/wp-json\/wp\/v2\/users\/1"}],"replies":[{"embeddable":true,"href":"https:\/\/tatd.org.tr\/en\/wp-json\/wp\/v2\/comments?post=25659"}],"version-history":[{"count":0,"href":"https:\/\/tatd.org.tr\/en\/wp-json\/wp\/v2\/posts\/25659\/revisions"}],"wp:featuredmedia":[{"embeddable":true,"href":"https:\/\/tatd.org.tr\/en\/wp-json\/wp\/v2\/media\/25660"}],"wp:attachment":[{"href":"https:\/\/tatd.org.tr\/en\/wp-json\/wp\/v2\/media?parent=25659"}],"wp:term":[{"taxonomy":"category","embeddable":true,"href":"https:\/\/tatd.org.tr\/en\/wp-json\/wp\/v2\/categories?post=25659"},{"taxonomy":"post_tag","embeddable":true,"href":"https:\/\/tatd.org.tr\/en\/wp-json\/wp\/v2\/tags?post=25659"}],"curies":[{"name":"wp","href":"https:\/\/api.w.org\/{rel}","templated":true}]}}