{"id":25646,"date":"2019-07-31T00:00:00","date_gmt":"2019-07-30T21:00:00","guid":{"rendered":"https:\/\/tatd.org.tr\/blog\/2019\/07\/31\/kutlama-sn-prof-dr-suha-turkmen\/"},"modified":"2021-11-21T11:18:12","modified_gmt":"2021-11-21T08:18:12","slug":"kutlama-sn-prof-dr-suha-turkmen","status":"publish","type":"post","link":"https:\/\/tatd.org.tr\/en\/kutlama-ve-anma\/kutlama-sn-prof-dr-suha-turkmen\/","title":{"rendered":"Kutlama, Sn. Prof. Dr. S\u00fcha T\u00fcrkmen"},"content":{"rendered":"<p>Sayg\u0131de\u011fer Grup &Uuml;yeleri,<\/p>\n<p>&nbsp;<\/p>\n<p>Ac\u0131badem &Uuml;niversitesi T\u0131p Fak&uuml;ltesi Acil T\u0131p A.D. &Ouml;\u011fretim &Uuml;yelerinden Sn. Prof. Dr. S&uuml;ha T&uuml;rkmen Profes&ouml;rl&uuml;k &uuml;nvan\u0131n\u0131 kullanmaya hak kazanm\u0131\u015ft\u0131r. T&uuml;rkiye Acil T\u0131p Derne\u011fi Y&ouml;netim Kurulu olarak Sn. Prof. Dr. S&uuml;ha T&uuml;rkmen &#8216;i Yeni akademik &uuml;nvan\u0131ndan dolay\u0131 tebrik eder, kendisine ve &Uuml;lkemize hay\u0131rl\u0131 olmas\u0131n\u0131 dileriz.<\/p>\n<p>&nbsp;<\/p>\n<p><em>Sayg\u0131lar\u0131m\u0131zla,&nbsp;<\/em><\/p>\n<p><strong>TATD Y&ouml;netim Kurulu<\/strong><\/p>\n","protected":false},"excerpt":{"rendered":"<p>Sayg\u0131de\u011fer Grup &Uuml;yeleri, &nbsp; Ac\u0131badem &Uuml;niversitesi T\u0131p Fak&uuml;ltesi Acil T\u0131p A.D. &Ouml;\u011fretim &Uuml;yelerinden Sn. Prof. Dr. S&uuml;ha T&uuml;rkmen Profes&ouml;rl&uuml;k &uuml;nvan\u0131n\u0131 kullanmaya hak kazanm\u0131\u015ft\u0131r. T&uuml;rkiye Acil T\u0131p Derne\u011fi Y&ouml;netim Kurulu olarak&hellip;<\/p>\n","protected":false},"author":1,"featured_media":0,"comment_status":"open","ping_status":"closed","sticky":false,"template":"","format":"standard","meta":{"_acf_changed":false,"inline_featured_image":false,"_lmt_disableupdate":"","_lmt_disable":"","footnotes":""},"categories":[10013],"tags":[],"class_list":["post-25646","post","type-post","status-publish","format-standard","hentry","category-kutlama-ve-anma"],"acf":[],"_links":{"self":[{"href":"https:\/\/tatd.org.tr\/en\/wp-json\/wp\/v2\/posts\/25646","targetHints":{"allow":["GET"]}}],"collection":[{"href":"https:\/\/tatd.org.tr\/en\/wp-json\/wp\/v2\/posts"}],"about":[{"href":"https:\/\/tatd.org.tr\/en\/wp-json\/wp\/v2\/types\/post"}],"author":[{"embeddable":true,"href":"https:\/\/tatd.org.tr\/en\/wp-json\/wp\/v2\/users\/1"}],"replies":[{"embeddable":true,"href":"https:\/\/tatd.org.tr\/en\/wp-json\/wp\/v2\/comments?post=25646"}],"version-history":[{"count":0,"href":"https:\/\/tatd.org.tr\/en\/wp-json\/wp\/v2\/posts\/25646\/revisions"}],"wp:attachment":[{"href":"https:\/\/tatd.org.tr\/en\/wp-json\/wp\/v2\/media?parent=25646"}],"wp:term":[{"taxonomy":"category","embeddable":true,"href":"https:\/\/tatd.org.tr\/en\/wp-json\/wp\/v2\/categories?post=25646"},{"taxonomy":"post_tag","embeddable":true,"href":"https:\/\/tatd.org.tr\/en\/wp-json\/wp\/v2\/tags?post=25646"}],"curies":[{"name":"wp","href":"https:\/\/api.w.org\/{rel}","templated":true}]}}