{"id":25641,"date":"1970-01-01T00:00:00","date_gmt":"1969-12-31T21:00:00","guid":{"rendered":"https:\/\/tatd.org.tr\/blog\/1970\/01\/01\/guneydogu-avrupa-acil-tip-ve-afet-kongresinin-ardindan\/"},"modified":"2021-11-18T17:49:48","modified_gmt":"2021-11-18T14:49:48","slug":"guneydogu-avrupa-acil-tip-ve-afet-kongresinin-ardindan","status":"publish","type":"post","link":"https:\/\/tatd.org.tr\/en\/haber-ve-duyuru\/guneydogu-avrupa-acil-tip-ve-afet-kongresinin-ardindan\/","title":{"rendered":"G\u00fcneydo\u011fu Avrupa Acil T\u0131p ve Afet Kongresinin Ard\u0131ndan"},"content":{"rendered":"<p><img fetchpriority=\"high\" decoding=\"async\" src=\"https:\/\/tatd.org.tr\/wp-content\/uploads\/2021\/11\/seedmc2019191-COLLAGE.jpg\" alt=\"\" width=\"500\" height=\"500\" \/><\/p>\n<div class=\"pcrstb-wrap\"><table width=\"556\">\n<tbody>\n<tr>\n<td>\n<table width=\"100%\">\n<tbody>\n<tr>\n<td>&nbsp;<\/td>\n<\/tr>\n<tr>\n<td>\n<table>\n<tbody>\n<tr>\n<td>\n<p>G&uuml;neydo\u011fu Avrupa Acil ve Afet Kongresi 20-22 Haziran 2019 tarihinde \u0130stanbul&rsquo;da Deniz M&uuml;zesinin tarihi ortam\u0131nda, Avrupa Acil T\u0131p Derne\u011fi (EUSEM) deste\u011fi, Romanya, Yunanistan, S\u0131rbistan, H\u0131rvatistan, Slovenya, Karabag, Arnavutluk, Macaristan ve T&uuml;rkiye Acil T\u0131p Dernekleri i\u015fbirli\u011fi ile d&uuml;zenlendi.&nbsp;<\/p>\n<p>TATD ve ATUDER&rsquo;in ortak organizasyonu ile d&uuml;zenlenen etkinli\u011fin bilimsel i&ccedil;eri\u011fi olduk&ccedil;a zengindi. 80 konu\u015fmac\u0131, 4 salonda, 33 oturum ve 82 konu ba\u015fl\u0131\u011f\u0131nda konu\u015ftular.&nbsp; <strong>Kritik Hasta-USG<\/strong> kursu 15 ki\u015finin kat\u0131l\u0131m\u0131 ile, <strong>&nbsp;<\/strong>3 pratik istasyondan (ACLS, Kan Gaz\u0131 ve N&ouml;rolojik muayene) olu\u015fan <strong>EMCC (Acil T\u0131p Temel Yeterlilikler) <\/strong>kursu ise 20 ki\u015finin kat\u0131l\u0131m ile ger&ccedil;ekle\u015ftirildi. Kongreye yerli ve yabanc\u0131 250&rsquo;nin &uuml;zerinde kat\u0131l\u0131m vard\u0131. 90 S&ouml;zl&uuml; ve 36 poster toplam 126 bildiri sunumu yap\u0131ld\u0131.&nbsp;<\/p>\n<p>Sosyal programda<strong> tekne ile bo\u011faz turu<\/strong> ve ak\u015fam yeme\u011fi ger&ccedil;ekle\u015ftirildi.&nbsp; Yerli ve yabanc\u0131 misafirlerimizle 4 saat boyunca bo\u011faz\u0131n e\u015fsiz manzaras\u0131 e\u015fli\u011finde unutulmaz bir ak\u015fam ge&ccedil;irdik.&nbsp;<\/p>\n<p>Kongre s\u0131ras\u0131nda d&uuml;zenlenen toplant\u0131 ile 2020 kongresinin <strong>Selanik&rsquo;te<\/strong> 2021 Kongresinin ise <strong>Tiran&rsquo;da<\/strong> yap\u0131lmas\u0131 kararla\u015ft\u0131r\u0131ld\u0131. Eme\u011fi ge&ccedil;en herkese te\u015fekk&uuml;r ediyoruz. SEEDMC kongresi ile Balkan &uuml;lkeleri aras\u0131ndaki k&uuml;lt&uuml;rel yak\u0131nl\u0131\u011f\u0131n acil t\u0131p alan\u0131nda bir dayan\u0131\u015fmaya d&ouml;n&uuml;\u015fmesini diliyoruz.&nbsp;<\/p>\n<p>Bildiri kitab\u0131n\u0131n PDF versiyonuna e-posta ekinden ya da kongre web sitesinden ula\u015fabilirsiniz.<\/p>\n<p>Kongre foto\u011fraf alb&uuml;m&uuml;n&uuml; g&ouml;rmek i&ccedil;in <a href=\"https:\/\/photos.app.goo.gl\/Lhpbck9UzVTpQw3h7\">t\u0131klay\u0131n\u0131z.<\/a><\/p>\n<p>&nbsp;<\/p>\n<\/td>\n<\/tr>\n<\/tbody>\n<\/table><\/div>\n<\/td>\n<\/tr>\n<\/tbody>\n<\/table>\n<\/td>\n<\/tr>\n<\/tbody>\n<\/table>\n","protected":false},"excerpt":{"rendered":"<p>&nbsp; G&uuml;neydo\u011fu Avrupa Acil ve Afet Kongresi 20-22 Haziran 2019 tarihinde \u0130stanbul&rsquo;da Deniz M&uuml;zesinin tarihi ortam\u0131nda, Avrupa Acil T\u0131p Derne\u011fi (EUSEM) deste\u011fi, Romanya, Yunanistan, S\u0131rbistan, H\u0131rvatistan, Slovenya, Karabag, Arnavutluk, Macaristan&hellip;<\/p>\n","protected":false},"author":1,"featured_media":25642,"comment_status":"open","ping_status":"closed","sticky":false,"template":"","format":"standard","meta":{"_acf_changed":false,"inline_featured_image":false,"_lmt_disableupdate":"","_lmt_disable":"","footnotes":""},"categories":[10011],"tags":[],"class_list":["post-25641","post","type-post","status-publish","format-standard","has-post-thumbnail","hentry","category-haber-ve-duyuru"],"acf":[],"_links":{"self":[{"href":"https:\/\/tatd.org.tr\/en\/wp-json\/wp\/v2\/posts\/25641","targetHints":{"allow":["GET"]}}],"collection":[{"href":"https:\/\/tatd.org.tr\/en\/wp-json\/wp\/v2\/posts"}],"about":[{"href":"https:\/\/tatd.org.tr\/en\/wp-json\/wp\/v2\/types\/post"}],"author":[{"embeddable":true,"href":"https:\/\/tatd.org.tr\/en\/wp-json\/wp\/v2\/users\/1"}],"replies":[{"embeddable":true,"href":"https:\/\/tatd.org.tr\/en\/wp-json\/wp\/v2\/comments?post=25641"}],"version-history":[{"count":0,"href":"https:\/\/tatd.org.tr\/en\/wp-json\/wp\/v2\/posts\/25641\/revisions"}],"wp:featuredmedia":[{"embeddable":true,"href":"https:\/\/tatd.org.tr\/en\/wp-json\/wp\/v2\/media\/25642"}],"wp:attachment":[{"href":"https:\/\/tatd.org.tr\/en\/wp-json\/wp\/v2\/media?parent=25641"}],"wp:term":[{"taxonomy":"category","embeddable":true,"href":"https:\/\/tatd.org.tr\/en\/wp-json\/wp\/v2\/categories?post=25641"},{"taxonomy":"post_tag","embeddable":true,"href":"https:\/\/tatd.org.tr\/en\/wp-json\/wp\/v2\/tags?post=25641"}],"curies":[{"name":"wp","href":"https:\/\/api.w.org\/{rel}","templated":true}]}}