{"id":25630,"date":"1970-01-01T00:00:00","date_gmt":"1969-12-31T21:00:00","guid":{"rendered":"https:\/\/tatd.org.tr\/blog\/1970\/01\/01\/dunya-acil-tip-gunu-ereplika-projesi\/"},"modified":"2021-11-20T03:16:25","modified_gmt":"2021-11-20T00:16:25","slug":"dunya-acil-tip-gunu-ereplika-projesi","status":"publish","type":"post","link":"https:\/\/tatd.org.tr\/en\/haber-ve-duyuru\/dunya-acil-tip-gunu-ereplika-projesi\/","title":{"rendered":"D\u00fcnya Acil T\u0131p G\u00fcn\u00fc &#8211; EReplika Projesi"},"content":{"rendered":"<p>De\u011ferli Acil T\u0131p G&ouml;n&uuml;ll&uuml;leri;<\/p>\n<p>&nbsp;<\/p>\n<p>EUSEM taraf\u0131ndan ba\u015flat\u0131lan ve desteklenen 27 May\u0131s Acil T\u0131p g&uuml;n&uuml;ne &ouml;zel olarak haz\u0131rlad\u0131\u011f\u0131m\u0131z &ldquo;EReplika&rdquo; projesini sunmaktan dolay\u0131 gururluyuz. T\u0131p mesle\u011fi, &ccedil;ok eski &ccedil;a\u011flardan beri insan sa\u011fl\u0131\u011f\u0131n\u0131n s&uuml;rd&uuml;r&uuml;lmesi ve d&uuml;zeltilmesi i&ccedil;in u\u011fra\u015fmaktad\u0131r. Acil t\u0131p, kendini her ge&ccedil;en g&uuml;n yenileyen ve geli\u015ftiren gen&ccedil; ve dinamik bir yap\u0131ya sahiptir.<\/p>\n<p>&nbsp;<\/p>\n<p>EReplika projesinde, Acil t\u0131bb\u0131n tak\u0131m ruhunu, yarat\u0131c\u0131l\u0131\u011f\u0131n\u0131, yenilik&ccedil;i ve modern yap\u0131s\u0131n\u0131 g&ouml;stermek amac\u0131 ile 7 Acil t\u0131p klini\u011fimizden bizler i&ccedil;in 6 farkl\u0131 t\u0131p ile ilgili resmi (tablo veya anonim) tekrardan canland\u0131rmalar\u0131n\u0131 rica ettik. Ankara &Uuml;niversitesi Acil T\u0131p AD, Ege &Uuml;niversitesi Acil T\u0131p AD, &Ccedil;ukurova &Uuml;niversitesi Acil T\u0131p AD, Marmara &Uuml;niversitesi Acil T\u0131p AD, Karadeniz Teknik &Uuml;niversitesi Acil T\u0131p AD, Uluda\u011f &Uuml;niversitesi Acil T\u0131p AD ve Hamidiye \u015ei\u015fli Etfal E\u011fitim ve Ara\u015ft\u0131rma Hastanesi Acil T\u0131p Klini\u011fi&rsquo;ne bu projeye verdikleri destek i&ccedil;in &ccedil;ok te\u015fekk&uuml;r ederiz.<\/p>\n<p>&nbsp;<\/p>\n<p>T&uuml;m kliniklerimiz kendilerine verilen eseri kendi yorumlar\u0131 ile tekrardan canland\u0131rd\u0131 ve bizlere g&ouml;nderdi. 27 May\u0131s g&uuml;n&uuml; sabah\u0131 t&uuml;m eserler sizlerle t&uuml;m sosyal medya a\u011flar\u0131 &uuml;zerinden payla\u015f\u0131lacakt\u0131r. Her eserin kendine ait bir etiketlemesi (#) mevcuttur. <strong><em>27 May\u0131s g&uuml;n&uuml; saat 09:00 ila 24:00 aras\u0131nda &ldquo;twitter&rdquo; &uuml;zerinden etiketlenerek en &ccedil;ok payla\u015f\u0131lan EReplika tablosu Acil t\u0131p g&uuml;n&uuml; birincisi olacakt\u0131r!!!<\/em><\/strong><\/p>\n<p>&nbsp;<\/p>\n<p>\u015eimdi s\u0131ra sizlerde!<\/p>\n<p>Be\u011fendi\u011fin EReplika tablosunu etiketle <strong><em>(#)<\/em><\/strong>! @tatdhayat ve @TrTATD ile payla\u015f!<\/p>\n<p>&nbsp;<\/p>\n<p><strong>Hepimizin 27 May\u0131s Acil T\u0131p G&uuml;n&uuml; kutlu olsun.<\/strong><\/p>\n<p><strong>&nbsp;<\/strong><\/p>\n<p>T&uuml;rkiye Acil T\u0131p Derne\u011fi (@TrTATD)<\/p>\n<p>TATD Sa\u011fl\u0131kl\u0131 Ya\u015fam &Ccedil;al\u0131\u015fma Grubu (@tatdhayat)<\/p>\n<p>&nbsp;<\/p>\n","protected":false},"excerpt":{"rendered":"<p>De\u011ferli Acil T\u0131p G&ouml;n&uuml;ll&uuml;leri; &nbsp; EUSEM taraf\u0131ndan ba\u015flat\u0131lan ve desteklenen 27 May\u0131s Acil T\u0131p g&uuml;n&uuml;ne &ouml;zel olarak haz\u0131rlad\u0131\u011f\u0131m\u0131z &ldquo;EReplika&rdquo; projesini sunmaktan dolay\u0131 gururluyuz. T\u0131p mesle\u011fi, &ccedil;ok eski &ccedil;a\u011flardan beri insan&hellip;<\/p>\n","protected":false},"author":1,"featured_media":29344,"comment_status":"open","ping_status":"closed","sticky":false,"template":"","format":"standard","meta":{"_acf_changed":false,"inline_featured_image":false,"_lmt_disableupdate":"","_lmt_disable":"","footnotes":""},"categories":[10011],"tags":[],"class_list":["post-25630","post","type-post","status-publish","format-standard","has-post-thumbnail","hentry","category-haber-ve-duyuru"],"acf":[],"_links":{"self":[{"href":"https:\/\/tatd.org.tr\/en\/wp-json\/wp\/v2\/posts\/25630","targetHints":{"allow":["GET"]}}],"collection":[{"href":"https:\/\/tatd.org.tr\/en\/wp-json\/wp\/v2\/posts"}],"about":[{"href":"https:\/\/tatd.org.tr\/en\/wp-json\/wp\/v2\/types\/post"}],"author":[{"embeddable":true,"href":"https:\/\/tatd.org.tr\/en\/wp-json\/wp\/v2\/users\/1"}],"replies":[{"embeddable":true,"href":"https:\/\/tatd.org.tr\/en\/wp-json\/wp\/v2\/comments?post=25630"}],"version-history":[{"count":0,"href":"https:\/\/tatd.org.tr\/en\/wp-json\/wp\/v2\/posts\/25630\/revisions"}],"wp:featuredmedia":[{"embeddable":true,"href":"https:\/\/tatd.org.tr\/en\/wp-json\/wp\/v2\/media\/29344"}],"wp:attachment":[{"href":"https:\/\/tatd.org.tr\/en\/wp-json\/wp\/v2\/media?parent=25630"}],"wp:term":[{"taxonomy":"category","embeddable":true,"href":"https:\/\/tatd.org.tr\/en\/wp-json\/wp\/v2\/categories?post=25630"},{"taxonomy":"post_tag","embeddable":true,"href":"https:\/\/tatd.org.tr\/en\/wp-json\/wp\/v2\/tags?post=25630"}],"curies":[{"name":"wp","href":"https:\/\/api.w.org\/{rel}","templated":true}]}}