{"id":25585,"date":"1970-01-01T00:00:00","date_gmt":"1969-12-31T21:00:00","guid":{"rendered":"https:\/\/tatd.org.tr\/blog\/1970\/01\/01\/acil-tip-saglikli-yasam-haftasi-2\/"},"modified":"2021-11-20T03:09:00","modified_gmt":"2021-11-20T00:09:00","slug":"acil-tip-saglikli-yasam-haftasi-2","status":"publish","type":"post","link":"https:\/\/tatd.org.tr\/en\/haber-ve-duyuru\/acil-tip-saglikli-yasam-haftasi-2\/","title":{"rendered":"Acil T\u0131p Sa\u011fl\u0131kl\u0131 Ya\u015fam Haftas\u0131"},"content":{"rendered":"<p>Herkese merhaba,\n<\/p>\n<\/p>\n<p>\u00d6n\u00fcm\u00fczdeki 7-13 Nisan 2019 haftas\u0131 boyunca ACEP Wellness haftas\u0131 ile e\u015f zamanl\u0131 olarak Acil T\u0131p Sa\u011fl\u0131kl\u0131 Ya\u015fam Haftas\u0131n\u0131 kutlayaca\u011f\u0131z. Hafta boyunca siz de\u011ferli hocalar\u0131m\u0131z, asistan ve uzman arkada\u015flar\u0131m\u0131z i\u00e7in \u00e7e\u015fitli sosyal ve didaktik etkinlikler planlad\u0131k. Aktivitelerimize kat\u0131l\u0131m\u0131n\u0131z; hem fark\u0131ndal\u0131k d\u00fczeyimizi artt\u0131rmak hem de gelecek nesillerimizin bu grubun amac\u0131n\u0131 ve misyonunu daha iyi kavramalar\u0131n\u0131 sa\u011flamak a\u00e7\u0131s\u0131ndan \u00e7ok \u00f6nemli. \u00c7al\u0131\u015fma ortam\u0131nda huzurlu, sa\u011fl\u0131kl\u0131 ve mutlu  olman\u0131n asistanl\u0131k s\u00fcrecine ve ki\u015finin \u00f6zel ya\u015fant\u0131s\u0131na olan pozitif katk\u0131s\u0131 yads\u0131namaz.\n<\/p>\n<\/p>\n<p>Hepinizi hafta boyunca yap\u0131lacak etkinliklere bekliyoruz.\n<\/p>\n<p>Payla\u015f\u0131mlar\u0131m\u0131z\u0131 @tatdhayat #tatdhayatWW19 #ACEPWW19 #GlobalEMWW19 #iEMWell19 etiketleri ile payla\u015fabilirsek fark\u0131ndal\u0131k ad\u0131na yapt\u0131klar\u0131m\u0131z daha \u00e7ok ki\u015fiye ula\u015fabilir.\n<\/p>\n<\/p>\n<p>Hepinize \u015fimdiden te\u015fekk\u00fcr ediyor; g\u00fczel, enerjik ve dopdolu bir hafta diliyoruz.\n<\/p>\n<\/p>\n<p>TATDHAYAT<\/p>\n<p><\/p>\n<p><\/p>\n","protected":false},"excerpt":{"rendered":"<p>Herkese merhaba, \u00d6n\u00fcm\u00fczdeki 7-13 Nisan 2019 haftas\u0131 boyunca ACEP Wellness haftas\u0131 ile e\u015f zamanl\u0131 olarak Acil T\u0131p Sa\u011fl\u0131kl\u0131 Ya\u015fam Haftas\u0131n\u0131 kutlayaca\u011f\u0131z. Hafta boyunca siz de\u011ferli hocalar\u0131m\u0131z, asistan ve uzman arkada\u015flar\u0131m\u0131z&hellip;<\/p>\n","protected":false},"author":1,"featured_media":0,"comment_status":"open","ping_status":"closed","sticky":false,"template":"","format":"standard","meta":{"_acf_changed":false,"inline_featured_image":false,"_lmt_disableupdate":"","_lmt_disable":"","footnotes":""},"categories":[10011],"tags":[],"class_list":["post-25585","post","type-post","status-publish","format-standard","hentry","category-haber-ve-duyuru"],"acf":[],"_links":{"self":[{"href":"https:\/\/tatd.org.tr\/en\/wp-json\/wp\/v2\/posts\/25585","targetHints":{"allow":["GET"]}}],"collection":[{"href":"https:\/\/tatd.org.tr\/en\/wp-json\/wp\/v2\/posts"}],"about":[{"href":"https:\/\/tatd.org.tr\/en\/wp-json\/wp\/v2\/types\/post"}],"author":[{"embeddable":true,"href":"https:\/\/tatd.org.tr\/en\/wp-json\/wp\/v2\/users\/1"}],"replies":[{"embeddable":true,"href":"https:\/\/tatd.org.tr\/en\/wp-json\/wp\/v2\/comments?post=25585"}],"version-history":[{"count":0,"href":"https:\/\/tatd.org.tr\/en\/wp-json\/wp\/v2\/posts\/25585\/revisions"}],"wp:attachment":[{"href":"https:\/\/tatd.org.tr\/en\/wp-json\/wp\/v2\/media?parent=25585"}],"wp:term":[{"taxonomy":"category","embeddable":true,"href":"https:\/\/tatd.org.tr\/en\/wp-json\/wp\/v2\/categories?post=25585"},{"taxonomy":"post_tag","embeddable":true,"href":"https:\/\/tatd.org.tr\/en\/wp-json\/wp\/v2\/tags?post=25585"}],"curies":[{"name":"wp","href":"https:\/\/api.w.org\/{rel}","templated":true}]}}