{"id":25583,"date":"2019-04-03T00:00:00","date_gmt":"2019-04-02T21:00:00","guid":{"rendered":"https:\/\/tatd.org.tr\/blog\/2019\/04\/03\/kutlama-sn-prof-dr-murat-ersel-4\/"},"modified":"2021-11-21T13:25:02","modified_gmt":"2021-11-21T10:25:02","slug":"kutlama-sn-prof-dr-murat-ersel-4","status":"publish","type":"post","link":"https:\/\/tatd.org.tr\/en\/kutlama-ve-anma\/kutlama-sn-prof-dr-murat-ersel-4\/","title":{"rendered":"Kutlama, Sn. Prof. Dr. Murat Ersel"},"content":{"rendered":"<p>Sayg\u0131de\u011fer Grup \u00dcyeleri,<\/p>\n<p><\/p>\n<p>Derne\u011fimiz T\u00fcrkiye Acil T\u0131p Derne\u011fi&#8217;nin iki d\u00f6nem Y\u00f6netim Kurulu \u00dcyeli\u011fi de yapm\u0131\u015f olan Sn. Prof. Dr. Murat Ersel, Ege \u00dcniversitesi T\u0131p Fak\u00fcltesi Acil T\u0131p Anabilim Dal\u0131&#8217;nda yap\u0131lan se\u00e7imle Anabilim Dal\u0131 Ba\u015fkan\u0131 olmu\u015ftur. Sn. Prof. Dr. Murat Ersel&#8217;i T\u00fcrkiye Acil T\u0131p Derne\u011fi Y\u00f6netim Kurulu olarak yeni kariyerinden dolay\u0131 tebrik eder, kendisine ve \u00dclkemize hay\u0131rl\u0131 olmas\u0131n\u0131 dileriz.<\/p>\n<p><\/p>\n<p>Sayg\u0131lar\u0131m\u0131zla<\/p>\n<p>T\u00fcrkiye Acil T\u0131p Derne\u011fi<\/p>\n<p>Y\u00f6netim Kurulu<\/p>\n","protected":false},"excerpt":{"rendered":"<p>Sayg\u0131de\u011fer Grup \u00dcyeleri, Derne\u011fimiz T\u00fcrkiye Acil T\u0131p Derne\u011fi&#8217;nin iki d\u00f6nem Y\u00f6netim Kurulu \u00dcyeli\u011fi de yapm\u0131\u015f olan Sn. Prof. Dr. Murat Ersel, Ege \u00dcniversitesi T\u0131p Fak\u00fcltesi Acil T\u0131p Anabilim Dal\u0131&#8217;nda yap\u0131lan&hellip;<\/p>\n","protected":false},"author":1,"featured_media":0,"comment_status":"open","ping_status":"closed","sticky":false,"template":"","format":"standard","meta":{"_acf_changed":false,"inline_featured_image":false,"_lmt_disableupdate":"","_lmt_disable":"","footnotes":""},"categories":[10013],"tags":[],"class_list":["post-25583","post","type-post","status-publish","format-standard","hentry","category-kutlama-ve-anma"],"acf":[],"_links":{"self":[{"href":"https:\/\/tatd.org.tr\/en\/wp-json\/wp\/v2\/posts\/25583","targetHints":{"allow":["GET"]}}],"collection":[{"href":"https:\/\/tatd.org.tr\/en\/wp-json\/wp\/v2\/posts"}],"about":[{"href":"https:\/\/tatd.org.tr\/en\/wp-json\/wp\/v2\/types\/post"}],"author":[{"embeddable":true,"href":"https:\/\/tatd.org.tr\/en\/wp-json\/wp\/v2\/users\/1"}],"replies":[{"embeddable":true,"href":"https:\/\/tatd.org.tr\/en\/wp-json\/wp\/v2\/comments?post=25583"}],"version-history":[{"count":0,"href":"https:\/\/tatd.org.tr\/en\/wp-json\/wp\/v2\/posts\/25583\/revisions"}],"wp:attachment":[{"href":"https:\/\/tatd.org.tr\/en\/wp-json\/wp\/v2\/media?parent=25583"}],"wp:term":[{"taxonomy":"category","embeddable":true,"href":"https:\/\/tatd.org.tr\/en\/wp-json\/wp\/v2\/categories?post=25583"},{"taxonomy":"post_tag","embeddable":true,"href":"https:\/\/tatd.org.tr\/en\/wp-json\/wp\/v2\/tags?post=25583"}],"curies":[{"name":"wp","href":"https:\/\/api.w.org\/{rel}","templated":true}]}}