{"id":25581,"date":"2019-04-02T00:00:00","date_gmt":"2019-04-01T21:00:00","guid":{"rendered":"https:\/\/tatd.org.tr\/blog\/2019\/04\/02\/kutlama-sn-dr-ogr-uyesi-ozcan-yavasi\/"},"modified":"2021-11-21T13:25:25","modified_gmt":"2021-11-21T10:25:25","slug":"kutlama-sn-dr-ogr-uyesi-ozcan-yavasi","status":"publish","type":"post","link":"https:\/\/tatd.org.tr\/en\/kutlama-ve-anma\/kutlama-sn-dr-ogr-uyesi-ozcan-yavasi\/","title":{"rendered":"Kutlama, Sn. Dr. \u00d6\u011fr. \u00dcyesi \u00d6zcan Yava\u015fi"},"content":{"rendered":"<p>Sayg\u0131de\u011fer Grup \u00dcyeleri,\n<\/p>\n<\/p>\n<p>Derne\u011fimiz T\u00fcrkiye Acil T\u0131p Derne\u011fi (TATD)&#8217; nin  XII. D\u00f6nem Y\u00f6netim Kurulu \u00dcyemiz Sn.Dr.\u00d6.\u00dc. \u00d6zcan Yava\u015fi, T.C. Sa\u011fl\u0131k Bakanl\u0131\u011f\u0131 Recep Tayyip Erdo\u011fan \u00dcniversitesi E\u011fitim ve Ara\u015ft\u0131rma Hastanesi Ba\u015fhekimi olmu\u015ftur. Sn. \u00d6zcan Yava\u015fi&#8217;yi T\u00fcrkiye Acil T\u0131p Derne\u011fi Y\u00f6netim Kurulu olarak tebrik eder, yeni kariyerinin kendisine ve \u00dclkemize hay\u0131rl\u0131 olmas\u0131n\u0131 dileriz.\n<\/p>\n<\/p>\n<p>Sayg\u0131lar\u0131m\u0131zla\n<\/p>\n<p>T\u00fcrkiye Acil T\u0131p Derne\u011fi\n<\/p>\n<p>Y\u00f6netim Kurulu&nbsp;&nbsp;<\/p>\n","protected":false},"excerpt":{"rendered":"<p>Sayg\u0131de\u011fer Grup \u00dcyeleri, Derne\u011fimiz T\u00fcrkiye Acil T\u0131p Derne\u011fi (TATD)&#8217; nin XII. D\u00f6nem Y\u00f6netim Kurulu \u00dcyemiz Sn.Dr.\u00d6.\u00dc. \u00d6zcan Yava\u015fi, T.C. Sa\u011fl\u0131k Bakanl\u0131\u011f\u0131 Recep Tayyip Erdo\u011fan \u00dcniversitesi E\u011fitim ve Ara\u015ft\u0131rma Hastanesi Ba\u015fhekimi&hellip;<\/p>\n","protected":false},"author":1,"featured_media":0,"comment_status":"open","ping_status":"closed","sticky":false,"template":"","format":"standard","meta":{"_acf_changed":false,"inline_featured_image":false,"_lmt_disableupdate":"","_lmt_disable":"","footnotes":""},"categories":[10013],"tags":[],"class_list":["post-25581","post","type-post","status-publish","format-standard","hentry","category-kutlama-ve-anma"],"acf":[],"_links":{"self":[{"href":"https:\/\/tatd.org.tr\/en\/wp-json\/wp\/v2\/posts\/25581","targetHints":{"allow":["GET"]}}],"collection":[{"href":"https:\/\/tatd.org.tr\/en\/wp-json\/wp\/v2\/posts"}],"about":[{"href":"https:\/\/tatd.org.tr\/en\/wp-json\/wp\/v2\/types\/post"}],"author":[{"embeddable":true,"href":"https:\/\/tatd.org.tr\/en\/wp-json\/wp\/v2\/users\/1"}],"replies":[{"embeddable":true,"href":"https:\/\/tatd.org.tr\/en\/wp-json\/wp\/v2\/comments?post=25581"}],"version-history":[{"count":0,"href":"https:\/\/tatd.org.tr\/en\/wp-json\/wp\/v2\/posts\/25581\/revisions"}],"wp:attachment":[{"href":"https:\/\/tatd.org.tr\/en\/wp-json\/wp\/v2\/media?parent=25581"}],"wp:term":[{"taxonomy":"category","embeddable":true,"href":"https:\/\/tatd.org.tr\/en\/wp-json\/wp\/v2\/categories?post=25581"},{"taxonomy":"post_tag","embeddable":true,"href":"https:\/\/tatd.org.tr\/en\/wp-json\/wp\/v2\/tags?post=25581"}],"curies":[{"name":"wp","href":"https:\/\/api.w.org\/{rel}","templated":true}]}}