{"id":25580,"date":"2019-02-19T00:00:00","date_gmt":"2019-02-18T21:00:00","guid":{"rendered":"https:\/\/tatd.org.tr\/blog\/2019\/02\/19\/turkiye-acil-tip-dernegi-tatd-tarafindan-acil-serviste-kritik-hasta-yonetim-kursu-izmir-medical-park-hastanesinde-duzenlendi\/"},"modified":"2021-11-20T03:08:57","modified_gmt":"2021-11-20T00:08:57","slug":"turkiye-acil-tip-dernegi-tatd-tarafindan-acil-serviste-kritik-hasta-yonetim-kursu-izmir-medical-park-hastanesinde-duzenlendi","status":"publish","type":"post","link":"https:\/\/tatd.org.tr\/en\/haber-ve-duyuru\/turkiye-acil-tip-dernegi-tatd-tarafindan-acil-serviste-kritik-hasta-yonetim-kursu-izmir-medical-park-hastanesinde-duzenlendi\/","title":{"rendered":"T\u00fcrkiye Acil T\u0131p Derne\u011fi (TATD) taraf\u0131ndan Acil Serviste Kritik Hasta Y\u00f6netim Kursu \u0130zmir Medical Park Hastanesi\u2019nde D\u00fczenlendi."},"content":{"rendered":"<p><strong>Etkinlik Raporu<\/strong><\/p>\n<p>Ya\u015famsal risk ta\u015f\u0131yan hastal\u0131klarla acil servise ba\u015fvuran hastalara yakla\u015f\u0131m, hekim ile hastnn\u0131n &ouml;l&uuml;m ile ya\u015fam aras\u0131ndaki ince &ccedil;izgide bulu\u015fmas\u0131d\u0131r. Toplam ba\u015fvurular\u0131n %2 ila 3&rsquo;&uuml;n&uuml; olu\u015ftursa da toplumda &ouml;l&uuml;mlerin hemen t&uuml;m&uuml; bu grupta oldu\u011fundan hekimlerin bu konuda tekrarlayan e\u011fitimleri kritik &ouml;nem ta\u015f\u0131maktad\u0131r.<\/p>\n<p>Kurs TATD b&uuml;nyesinde 2018 Ekim&rsquo;inde \u0130stanbul&rsquo;da ve 2019 \u015eubat&rsquo;\u0131nda \u0130zmir&rsquo;de iki kez d&uuml;zenlenmi\u015ftir. 1. Kursta 18 ve 2. Kursta 25 kat\u0131l\u0131mc\u0131 kursu tamamlam\u0131\u015ft\u0131r. \u0130zmir&rsquo;de ger&ccedil;ekle\u015fen kursa &ccedil;o\u011funlu\u011fu \u0130zmir olmak &uuml;zere &ccedil;evre illerden, Ayd\u0131n, Bal\u0131kesir ve \u0130stanbul&rsquo;dan kat\u0131l\u0131m sa\u011flanm\u0131\u015ft\u0131r. Kursta teorik konular olgu &ouml;rnekleriyle somutla\u015ft\u0131r\u0131larak anlat\u0131lmakta, bir&ccedil;ok konuda pratik seanslar\u0131yla da desteklenmektedir. USG-Ekokardiyografi ile ilgili teorik anlat\u0131mdan sonra her kat\u0131l\u0131mc\u0131n\u0131n eline problar\u0131 ald\u0131\u011f\u0131 pratik seanslar\u0131 &nbsp;yap\u0131lm\u0131\u015ft\u0131r. Mekanik ventilasyon uygulamalar\u0131 teorik ve pratik olarak anlat\u0131lm\u0131\u015ft\u0131r.&nbsp; Kritik bak\u0131mda EKG, kan gaz\u0131 yorumlanmas\u0131 ana ilkeler ile verilip olgu &ouml;rnekleri ile a&ccedil;\u0131klanm\u0131\u015ft\u0131r.<\/p>\n<p>Kat\u0131l\u0131mc\u0131lardan geri bildirimleri her ders baz\u0131nda al\u0131nm\u0131\u015f ve toplu foto\u011fraf &ccedil;ekimi ile program bitirilmi\u015ftir.<\/p>\n<p><strong>Prof. Dr. &Ouml;zg&uuml;r Karc\u0131o\u011flu<\/strong><\/p>\n<p>&nbsp;<\/p>\n<p><img decoding=\"async\" alt=\"\" src=\"files\/images\/WhatsApp%20Image%202019-02-19%20at%2010_11_32.jpeg\" style=\"height:248px; width:400px\" \/>&nbsp;&nbsp;<img decoding=\"async\" alt=\"\" src=\"files\/images\/WhatsApp%20Image%202019-02-19%20at%2010_11_31.jpeg\" style=\"height:248px; width:400px\" \/><\/p>\n","protected":false},"excerpt":{"rendered":"<p>Etkinlik Raporu Ya\u015famsal risk ta\u015f\u0131yan hastal\u0131klarla acil servise ba\u015fvuran hastalara yakla\u015f\u0131m, hekim ile hastnn\u0131n &ouml;l&uuml;m ile ya\u015fam aras\u0131ndaki ince &ccedil;izgide bulu\u015fmas\u0131d\u0131r. Toplam ba\u015fvurular\u0131n %2 ila 3&rsquo;&uuml;n&uuml; olu\u015ftursa da toplumda &ouml;l&uuml;mlerin&hellip;<\/p>\n","protected":false},"author":1,"featured_media":0,"comment_status":"open","ping_status":"closed","sticky":false,"template":"","format":"standard","meta":{"_acf_changed":false,"inline_featured_image":false,"_lmt_disableupdate":"","_lmt_disable":"","footnotes":""},"categories":[10011],"tags":[],"class_list":["post-25580","post","type-post","status-publish","format-standard","hentry","category-haber-ve-duyuru"],"acf":[],"_links":{"self":[{"href":"https:\/\/tatd.org.tr\/en\/wp-json\/wp\/v2\/posts\/25580","targetHints":{"allow":["GET"]}}],"collection":[{"href":"https:\/\/tatd.org.tr\/en\/wp-json\/wp\/v2\/posts"}],"about":[{"href":"https:\/\/tatd.org.tr\/en\/wp-json\/wp\/v2\/types\/post"}],"author":[{"embeddable":true,"href":"https:\/\/tatd.org.tr\/en\/wp-json\/wp\/v2\/users\/1"}],"replies":[{"embeddable":true,"href":"https:\/\/tatd.org.tr\/en\/wp-json\/wp\/v2\/comments?post=25580"}],"version-history":[{"count":0,"href":"https:\/\/tatd.org.tr\/en\/wp-json\/wp\/v2\/posts\/25580\/revisions"}],"wp:attachment":[{"href":"https:\/\/tatd.org.tr\/en\/wp-json\/wp\/v2\/media?parent=25580"}],"wp:term":[{"taxonomy":"category","embeddable":true,"href":"https:\/\/tatd.org.tr\/en\/wp-json\/wp\/v2\/categories?post=25580"},{"taxonomy":"post_tag","embeddable":true,"href":"https:\/\/tatd.org.tr\/en\/wp-json\/wp\/v2\/tags?post=25580"}],"curies":[{"name":"wp","href":"https:\/\/api.w.org\/{rel}","templated":true}]}}