{"id":25568,"date":"2018-12-08T00:00:00","date_gmt":"2018-12-07T21:00:00","guid":{"rendered":"https:\/\/tatd.org.tr\/blog\/2018\/12\/08\/temel-ultrasonografi-kursu-29-30-kasim-2018-tarihlerinde-istanbulda-duzenlenmistir\/"},"modified":"2021-11-20T03:08:50","modified_gmt":"2021-11-20T00:08:50","slug":"temel-ultrasonografi-kursu-29-30-kasim-2018-tarihlerinde-istanbulda-duzenlenmistir","status":"publish","type":"post","link":"https:\/\/tatd.org.tr\/en\/haber-ve-duyuru\/temel-ultrasonografi-kursu-29-30-kasim-2018-tarihlerinde-istanbulda-duzenlenmistir\/","title":{"rendered":"Temel Ultrasonografi Kursu 29-30 Kas\u0131m 2018 Tarihlerinde \u0130stanbul&#8217;da D\u00fczenlenmi\u015ftir"},"content":{"rendered":"<p>De\u011ferli Acil T\u0131p &Uuml;yeleri,<\/p>\n<p>T&uuml;rkiye Acil T\u0131p Derne\u011fi Ultrasonografi &Ccedil;al\u0131\u015fma Grubu (TATDUS) taraf\u0131ndan 29-30 Kas\u0131m 2018 tarihlerinde \u0130stanbul&#39;da Temel Ultrasonografi Kursu d&uuml;zenlenmi\u015ftir.&nbsp;\u015ei\u015fli Hamidiye Etfal E\u011fitim ve Ara\u015ft\u0131rma Hastanesi Suat Efe Konferans Salonu&#39;nda&nbsp;ger&ccedil;ekle\u015ftirilen kursumuzda 8&nbsp;saat teorik ve 8 saat pratik derslerden olu\u015fan e\u011fitimimiz tamamlanm\u0131\u015ft\u0131r.<\/p>\n<p>Uzm. Dr. &Ouml;zg&uuml;r &Ccedil;evrim, Uzm. &Ouml;zlem D\u0130kme, Uzm.Dr. Merve Ek\u015fio\u011flu, Uzm. Dr. Salih Ekinci, Uzm. Dr. Yunus Emre Ar\u0131k&nbsp;ve Uzm. Dr. Onur Karakayal\u0131&#39;n\u0131n e\u011fitmenli\u011finde ger&ccedil;ekle\u015fen Temel Ultrasonografi kursumuza&nbsp;bir&ccedil;ok farkl\u0131 il ve kurumdan hekim arkada\u015flar\u0131m\u0131z kat\u0131lm\u0131\u015ft\u0131r.<\/p>\n<p>E\u011fitmenlerimize g&ouml;sterdikleri &ouml;zveriden, kursiyerlerimize yo\u011fun ilgilerinden dolay\u0131 te\u015fekk&uuml;r ederiz.<\/p>\n<p>Sayg\u0131lar\u0131m\u0131zla.<\/p>\n<p>Dr. Volkan Arslan<br \/>\nDo&ccedil;. Dr. Funda Karbek Akarca<\/p>\n","protected":false},"excerpt":{"rendered":"<p>De\u011ferli Acil T\u0131p &Uuml;yeleri, T&uuml;rkiye Acil T\u0131p Derne\u011fi Ultrasonografi &Ccedil;al\u0131\u015fma Grubu (TATDUS) taraf\u0131ndan 29-30 Kas\u0131m 2018 tarihlerinde \u0130stanbul&#39;da Temel Ultrasonografi Kursu d&uuml;zenlenmi\u015ftir.&nbsp;\u015ei\u015fli Hamidiye Etfal E\u011fitim ve Ara\u015ft\u0131rma Hastanesi Suat Efe&hellip;<\/p>\n","protected":false},"author":1,"featured_media":0,"comment_status":"open","ping_status":"closed","sticky":false,"template":"","format":"standard","meta":{"_acf_changed":false,"inline_featured_image":false,"_lmt_disableupdate":"","_lmt_disable":"","footnotes":""},"categories":[10011],"tags":[],"class_list":["post-25568","post","type-post","status-publish","format-standard","hentry","category-haber-ve-duyuru"],"acf":[],"_links":{"self":[{"href":"https:\/\/tatd.org.tr\/en\/wp-json\/wp\/v2\/posts\/25568","targetHints":{"allow":["GET"]}}],"collection":[{"href":"https:\/\/tatd.org.tr\/en\/wp-json\/wp\/v2\/posts"}],"about":[{"href":"https:\/\/tatd.org.tr\/en\/wp-json\/wp\/v2\/types\/post"}],"author":[{"embeddable":true,"href":"https:\/\/tatd.org.tr\/en\/wp-json\/wp\/v2\/users\/1"}],"replies":[{"embeddable":true,"href":"https:\/\/tatd.org.tr\/en\/wp-json\/wp\/v2\/comments?post=25568"}],"version-history":[{"count":0,"href":"https:\/\/tatd.org.tr\/en\/wp-json\/wp\/v2\/posts\/25568\/revisions"}],"wp:attachment":[{"href":"https:\/\/tatd.org.tr\/en\/wp-json\/wp\/v2\/media?parent=25568"}],"wp:term":[{"taxonomy":"category","embeddable":true,"href":"https:\/\/tatd.org.tr\/en\/wp-json\/wp\/v2\/categories?post=25568"},{"taxonomy":"post_tag","embeddable":true,"href":"https:\/\/tatd.org.tr\/en\/wp-json\/wp\/v2\/tags?post=25568"}],"curies":[{"name":"wp","href":"https:\/\/api.w.org\/{rel}","templated":true}]}}