{"id":25567,"date":"2018-11-22T00:00:00","date_gmt":"2018-11-21T21:00:00","guid":{"rendered":"https:\/\/tatd.org.tr\/blog\/2018\/11\/22\/acil-tipta-kirmizi-bayraklar-15-kasim-2018de-izmirde-gerceklestirilmistir\/"},"modified":"2021-11-20T03:08:50","modified_gmt":"2021-11-20T00:08:50","slug":"acil-tipta-kirmizi-bayraklar-15-kasim-2018de-izmirde-gerceklestirilmistir","status":"publish","type":"post","link":"https:\/\/tatd.org.tr\/en\/haber-ve-duyuru\/acil-tipta-kirmizi-bayraklar-15-kasim-2018de-izmirde-gerceklestirilmistir\/","title":{"rendered":"Acil T\u0131pta K\u0131rm\u0131z\u0131 Bayraklar 15 Kas\u0131m 2018&#8217;de \u0130zmir&#8217;de Ger\u00e7ekle\u015ftirilmi\u015ftir."},"content":{"rendered":"<p>Say\u0131n &Uuml;yemiz,<\/p>\n<p>2016 y\u0131l\u0131ndan beri TATD b&uuml;nyesinde d&uuml;zenlenen kurs bu kez de \u0130zmir&rsquo;de ger&ccedil;ekle\u015ftirildi. 15 Kas\u0131m 2018&rsquo;de Tepecik EAH Bornova Ek Binas\u0131&rsquo;nda d&uuml;zenlenen kursun organizasyon ve ev sahipli\u011fini Do&ccedil;. Dr. &Ouml;zge Duman Atilla yapt\u0131.<\/p>\n<p>\u0130zmir, Ayd\u0131n ve Manisa&rsquo;dan toplam 46 kat\u0131l\u0131mc\u0131 ile yap\u0131lan kursta 3.5 saat boyunca acil t\u0131pta son k\u0131lavuzlar\u0131n getirdi\u011fi yenilikler, g&ouml;zard\u0131 edilen noktalar, s\u0131k g&ouml;r&uuml;len hastal\u0131klarda g&ouml;zden ka&ccedil;abilen &ouml;nemli konular &uuml;zerine sunumlar yap\u0131ld\u0131.&nbsp;<\/p>\n<p>Sayg\u0131lar\u0131m\u0131zla<br \/>\n<strong>T&uuml;rkiye Acil T\u0131p Derne\u011fi<\/strong><\/p>\n","protected":false},"excerpt":{"rendered":"<p>Say\u0131n &Uuml;yemiz, 2016 y\u0131l\u0131ndan beri TATD b&uuml;nyesinde d&uuml;zenlenen kurs bu kez de \u0130zmir&rsquo;de ger&ccedil;ekle\u015ftirildi. 15 Kas\u0131m 2018&rsquo;de Tepecik EAH Bornova Ek Binas\u0131&rsquo;nda d&uuml;zenlenen kursun organizasyon ve ev sahipli\u011fini Do&ccedil;. Dr.&hellip;<\/p>\n","protected":false},"author":1,"featured_media":0,"comment_status":"open","ping_status":"closed","sticky":false,"template":"","format":"standard","meta":{"_acf_changed":false,"inline_featured_image":false,"_lmt_disableupdate":"","_lmt_disable":"","footnotes":""},"categories":[10011],"tags":[],"class_list":["post-25567","post","type-post","status-publish","format-standard","hentry","category-haber-ve-duyuru"],"acf":[],"_links":{"self":[{"href":"https:\/\/tatd.org.tr\/en\/wp-json\/wp\/v2\/posts\/25567","targetHints":{"allow":["GET"]}}],"collection":[{"href":"https:\/\/tatd.org.tr\/en\/wp-json\/wp\/v2\/posts"}],"about":[{"href":"https:\/\/tatd.org.tr\/en\/wp-json\/wp\/v2\/types\/post"}],"author":[{"embeddable":true,"href":"https:\/\/tatd.org.tr\/en\/wp-json\/wp\/v2\/users\/1"}],"replies":[{"embeddable":true,"href":"https:\/\/tatd.org.tr\/en\/wp-json\/wp\/v2\/comments?post=25567"}],"version-history":[{"count":0,"href":"https:\/\/tatd.org.tr\/en\/wp-json\/wp\/v2\/posts\/25567\/revisions"}],"wp:attachment":[{"href":"https:\/\/tatd.org.tr\/en\/wp-json\/wp\/v2\/media?parent=25567"}],"wp:term":[{"taxonomy":"category","embeddable":true,"href":"https:\/\/tatd.org.tr\/en\/wp-json\/wp\/v2\/categories?post=25567"},{"taxonomy":"post_tag","embeddable":true,"href":"https:\/\/tatd.org.tr\/en\/wp-json\/wp\/v2\/tags?post=25567"}],"curies":[{"name":"wp","href":"https:\/\/api.w.org\/{rel}","templated":true}]}}