{"id":25554,"date":"2018-10-22T00:00:00","date_gmt":"2018-10-21T21:00:00","guid":{"rendered":"https:\/\/tatd.org.tr\/blog\/2018\/10\/22\/turkiye-acil-tip-dernegi-ve-afad-gorusmesi\/"},"modified":"2021-11-20T03:08:43","modified_gmt":"2021-11-20T00:08:43","slug":"turkiye-acil-tip-dernegi-ve-afad-gorusmesi","status":"publish","type":"post","link":"https:\/\/tatd.org.tr\/en\/haber-ve-duyuru\/turkiye-acil-tip-dernegi-ve-afad-gorusmesi\/","title":{"rendered":"T\u00fcrkiye Acil T\u0131p Derne\u011fi ve AFAD G\u00f6r\u00fc\u015fmesi"},"content":{"rendered":"<p>De\u011ferli meslekta\u015flar\u0131m\u0131z,&nbsp;<\/p>\n<p>Sadece T&uuml;rkiye&rsquo;deki afet y&ouml;netimi ve koordinasyonu alan\u0131nda de\u011fil, yard\u0131ma ihtiya&ccedil; duyan t&uuml;m d&uuml;nya b&ouml;lgelerine ko\u015fan &uuml;lkemizin &ouml;nde gelen kurumu Afet ve Acil Durum Y&ouml;netimi Ba\u015fkanl\u0131\u011f\u0131 (AFAD) ile Acil T\u0131bb\u0131n dinamik ve itici g&uuml;c&uuml; konumundaki T&uuml;rkiye Acil T\u0131p Derne\u011fi aras\u0131ndaki i\u015fbirli\u011fi protokollerini geli\u015ftirmek, Acil T\u0131p ve &uuml;lkemize beraberce hizmet etmek &uuml;zere 15.10.2018 tarihinde AFAD Ba\u015fkanl\u0131\u011f\u0131nda &ouml;nemli bir toplant\u0131 ger&ccedil;ekle\u015ftirdik.&nbsp;<\/p>\n<p>Y&ouml;netim Kurulumuzu temsilen Prof. Dr. Serkan Y\u0131lmaz, Do&ccedil;. Dr. Serkan Emre Ero\u011flu ve Do&ccedil;. Dr. Recep Dursun ile AFAD Ba\u015fkan\u0131 Say\u0131n Mehmet G&uuml;ll&uuml;o\u011flu aras\u0131nda &ccedil;ok verimli bir toplant\u0131 ger&ccedil;ekle\u015ftirilmi\u015f olup, sonu&ccedil;lar\u0131n\u0131 yak\u0131n gelecekte memnuniyetle payla\u015faca\u011f\u0131z.&nbsp;<\/p>\n<p>Say\u0131n Ba\u015fkan Mehmet G&uuml;ll&uuml;o\u011flu&#39; na; bize, derne\u011fimize ve Acil T\u0131bba g&ouml;sterdi\u011fi ilgi ve olumlu yakla\u015f\u0131mlar\u0131 sebebi ile te\u015fekk&uuml;r eder, ba\u015far\u0131 ile y&uuml;r&uuml;tt&uuml;\u011f&uuml; g&ouml;revinin &uuml;lkemize hay\u0131rlar getirmesini dileriz.&nbsp;<\/p>\n<p>Sayg\u0131lar\u0131m\u0131zla,<\/p>\n<p>T&uuml;rkiye Acil T\u0131p Derne\u011fi Y&ouml;netim Kurulu ad\u0131na<br \/>\n<strong>Do&ccedil;. Dr. Serkan Emre Ero\u011flu<\/strong><\/p>\n<p style=\"text-align:center\"><strong><img decoding=\"async\" alt=\"\" src=\"files\/images\/AFAD-gorusmesi_2018.png\" style=\"height:338px; width:450px\" \/><\/strong><\/p>\n","protected":false},"excerpt":{"rendered":"<p>De\u011ferli meslekta\u015flar\u0131m\u0131z,&nbsp; Sadece T&uuml;rkiye&rsquo;deki afet y&ouml;netimi ve koordinasyonu alan\u0131nda de\u011fil, yard\u0131ma ihtiya&ccedil; duyan t&uuml;m d&uuml;nya b&ouml;lgelerine ko\u015fan &uuml;lkemizin &ouml;nde gelen kurumu Afet ve Acil Durum Y&ouml;netimi Ba\u015fkanl\u0131\u011f\u0131 (AFAD) ile Acil&hellip;<\/p>\n","protected":false},"author":1,"featured_media":0,"comment_status":"open","ping_status":"closed","sticky":false,"template":"","format":"standard","meta":{"_acf_changed":false,"inline_featured_image":false,"_lmt_disableupdate":"","_lmt_disable":"","footnotes":""},"categories":[10011],"tags":[],"class_list":["post-25554","post","type-post","status-publish","format-standard","hentry","category-haber-ve-duyuru"],"acf":[],"_links":{"self":[{"href":"https:\/\/tatd.org.tr\/en\/wp-json\/wp\/v2\/posts\/25554","targetHints":{"allow":["GET"]}}],"collection":[{"href":"https:\/\/tatd.org.tr\/en\/wp-json\/wp\/v2\/posts"}],"about":[{"href":"https:\/\/tatd.org.tr\/en\/wp-json\/wp\/v2\/types\/post"}],"author":[{"embeddable":true,"href":"https:\/\/tatd.org.tr\/en\/wp-json\/wp\/v2\/users\/1"}],"replies":[{"embeddable":true,"href":"https:\/\/tatd.org.tr\/en\/wp-json\/wp\/v2\/comments?post=25554"}],"version-history":[{"count":0,"href":"https:\/\/tatd.org.tr\/en\/wp-json\/wp\/v2\/posts\/25554\/revisions"}],"wp:attachment":[{"href":"https:\/\/tatd.org.tr\/en\/wp-json\/wp\/v2\/media?parent=25554"}],"wp:term":[{"taxonomy":"category","embeddable":true,"href":"https:\/\/tatd.org.tr\/en\/wp-json\/wp\/v2\/categories?post=25554"},{"taxonomy":"post_tag","embeddable":true,"href":"https:\/\/tatd.org.tr\/en\/wp-json\/wp\/v2\/tags?post=25554"}],"curies":[{"name":"wp","href":"https:\/\/api.w.org\/{rel}","templated":true}]}}