{"id":25548,"date":"2018-10-12T00:00:00","date_gmt":"2018-10-11T21:00:00","guid":{"rendered":"https:\/\/tatd.org.tr\/blog\/2018\/10\/12\/kutlama-sn-doc-dr-feriyde-caliskan\/"},"modified":"2021-11-24T17:47:03","modified_gmt":"2021-11-24T14:47:03","slug":"kutlama-sn-doc-dr-feriyde-caliskan","status":"publish","type":"post","link":"https:\/\/tatd.org.tr\/en\/kutlama-ve-anma\/kutlama-sn-doc-dr-feriyde-caliskan\/","title":{"rendered":"Kutlama,  Sn. Do\u00e7. Dr. Feriyde \u00c7al\u0131\u015fkan"},"content":{"rendered":"<p>Sayg\u0131de\u011fer Grup &Uuml;yeleri,&nbsp;<\/p>\n<p>Sa\u011fl\u0131k Bilimleri &Uuml;niversitesi Tepecik E\u011fitim ve Ara\u015ft\u0131rma Hastanesi Acil T\u0131p Klini\u011fi Doktorlar\u0131ndan Sn. Uzm. Dr. Feriyde &Ccedil;al\u0131\u015fkan Do&ccedil;entlik &uuml;nvan\u0131n\u0131 kullanmaya hak kazanm\u0131\u015ft\u0131r. T&uuml;rkiye Acil T\u0131p Derne\u011fi Y&ouml;netim Kurulu olarak Sn. Do&ccedil;. Dr. Feriyde &Ccedil;al\u0131\u015fkan&#39;\u0131 kutlar, yeni Akademik Kariyerinin kendisine ve &Uuml;lkemize hay\u0131rl\u0131 olmas\u0131n\u0131 dileriz.<\/p>\n<p>Sayg\u0131lar\u0131m\u0131zla<br \/>\nT&uuml;rkiye Acil T\u0131p Derne\u011fi<br \/>\nY&ouml;netim Kurulu<\/p>\n","protected":false},"excerpt":{"rendered":"<p>Sayg\u0131de\u011fer Grup &Uuml;yeleri,&nbsp; Sa\u011fl\u0131k Bilimleri &Uuml;niversitesi Tepecik E\u011fitim ve Ara\u015ft\u0131rma Hastanesi Acil T\u0131p Klini\u011fi Doktorlar\u0131ndan Sn. Uzm. Dr. Feriyde &Ccedil;al\u0131\u015fkan Do&ccedil;entlik &uuml;nvan\u0131n\u0131 kullanmaya hak kazanm\u0131\u015ft\u0131r. T&uuml;rkiye Acil T\u0131p Derne\u011fi Y&ouml;netim&hellip;<\/p>\n","protected":false},"author":1,"featured_media":0,"comment_status":"open","ping_status":"closed","sticky":false,"template":"","format":"standard","meta":{"_acf_changed":false,"inline_featured_image":false,"_lmt_disableupdate":"","_lmt_disable":"","footnotes":""},"categories":[10013],"tags":[],"class_list":["post-25548","post","type-post","status-publish","format-standard","hentry","category-kutlama-ve-anma"],"acf":[],"_links":{"self":[{"href":"https:\/\/tatd.org.tr\/en\/wp-json\/wp\/v2\/posts\/25548","targetHints":{"allow":["GET"]}}],"collection":[{"href":"https:\/\/tatd.org.tr\/en\/wp-json\/wp\/v2\/posts"}],"about":[{"href":"https:\/\/tatd.org.tr\/en\/wp-json\/wp\/v2\/types\/post"}],"author":[{"embeddable":true,"href":"https:\/\/tatd.org.tr\/en\/wp-json\/wp\/v2\/users\/1"}],"replies":[{"embeddable":true,"href":"https:\/\/tatd.org.tr\/en\/wp-json\/wp\/v2\/comments?post=25548"}],"version-history":[{"count":0,"href":"https:\/\/tatd.org.tr\/en\/wp-json\/wp\/v2\/posts\/25548\/revisions"}],"wp:attachment":[{"href":"https:\/\/tatd.org.tr\/en\/wp-json\/wp\/v2\/media?parent=25548"}],"wp:term":[{"taxonomy":"category","embeddable":true,"href":"https:\/\/tatd.org.tr\/en\/wp-json\/wp\/v2\/categories?post=25548"},{"taxonomy":"post_tag","embeddable":true,"href":"https:\/\/tatd.org.tr\/en\/wp-json\/wp\/v2\/tags?post=25548"}],"curies":[{"name":"wp","href":"https:\/\/api.w.org\/{rel}","templated":true}]}}