{"id":25459,"date":"2017-11-27T00:00:00","date_gmt":"2017-11-26T21:00:00","guid":{"rendered":"https:\/\/tatd.org.tr\/blog\/2017\/11\/27\/9-asya-acil-tip-kongresi-ve-13-turkiye-acil-tip-kongresi-buyuk-bir-basari-ile-gerceklesmistir\/"},"modified":"2021-11-20T03:04:32","modified_gmt":"2021-11-20T00:04:32","slug":"9-asya-acil-tip-kongresi-ve-13-turkiye-acil-tip-kongresi-buyuk-bir-basari-ile-gerceklesmistir","status":"publish","type":"post","link":"https:\/\/tatd.org.tr\/en\/haber-ve-duyuru\/9-asya-acil-tip-kongresi-ve-13-turkiye-acil-tip-kongresi-buyuk-bir-basari-ile-gerceklesmistir\/","title":{"rendered":"9. Asya Acil T\u0131p Kongresi ve 13. T\u00fcrkiye Acil T\u0131p Kongresi B\u00fcy\u00fck Bir Ba\u015far\u0131 ile Ger\u00e7ekle\u015fmi\u015ftir."},"content":{"rendered":"<p><strong>Sayg\u0131de\u011fer Meslekta\u015flar\u0131m;<\/strong><\/p>\n<p>Siz de\u011ferli kat\u0131l\u0131mc\u0131lar\u0131m\u0131z ve hem &uuml;lkemiz hem de yurtd\u0131\u015f\u0131ndan &ccedil;ok say\u0131da konu\u015fmac\u0131lar\u0131m\u0131z ile 9. Asya Acil T\u0131p Kongresi ve 13. T&uuml;rkiye Acil T\u0131p Kongresini b&uuml;y&uuml;k bir ba\u015far\u0131 ile sonland\u0131rd\u0131k. Kongrede ilk g&uuml;n &ccedil;al\u0131\u015ftaylar\u0131 d&uuml;zenledik. Ultrason ve ECMO &ccedil;al\u0131\u015ftaylar\u0131 \u0130ngilizce ve ileri havayolu, invaziv ve non-invaziv mekanik ventilasyon ve triaj &ccedil;al\u0131\u015ftaylar\u0131 ise T&uuml;rk&ccedil;e olarak d&uuml;zenlendi. Sunumlar, &uuml;&ccedil; salonda \u0130ngilizce ve bir salonda T&uuml;rk&ccedil;e ger&ccedil;ekle\u015ftirildi. Kongre 41 farkl\u0131 &uuml;lkeden, 1340 kat\u0131l\u0131mc\u0131 ile ger&ccedil;ekle\u015ftirildi. Gerek sunumlar\u0131n g&uuml;ncelli\u011fi gerekse de konusunda uzman konu\u015fmac\u0131lar ile bilimsel a&ccedil;\u0131dan son derece ba\u015far\u0131l\u0131 bir kongre oldu\u011fu konusunda t&uuml;m kat\u0131l\u0131mc\u0131lar hemfikirdi. T&uuml;rkiye Acil T\u0131p Derne\u011fi, geleneklerine uygun bir \u015fekilde, demokratik bir ortamda genel kurulunu yapm\u0131\u015f ve yeni y&ouml;netim kurulunu se&ccedil;mi\u015ftir. Yeni y&ouml;netim ve t&uuml;m eski y&ouml;netim kurulu &uuml;yelerimize derne\u011fimize katk\u0131lar\u0131ndan ve emeklerinden dolay\u0131 te\u015fekk&uuml;rleri bor&ccedil; biliriz.<\/p>\n<p>Sayg\u0131lar\u0131m\u0131zla<\/p>\n<p><strong>Prof. Dr. Erkan G&Ouml;KSU<\/strong><br \/>\n<strong>Do&ccedil;. Dr. Serkan Emre ERO\u011eLU<\/strong><br \/>\n<strong>Dr. Axel SUI&nbsp;<\/strong><br \/>\n<strong>Kongre Genel Sekreterleri<\/strong><\/p>\n","protected":false},"excerpt":{"rendered":"<p>Sayg\u0131de\u011fer Meslekta\u015flar\u0131m; Siz de\u011ferli kat\u0131l\u0131mc\u0131lar\u0131m\u0131z ve hem &uuml;lkemiz hem de yurtd\u0131\u015f\u0131ndan &ccedil;ok say\u0131da konu\u015fmac\u0131lar\u0131m\u0131z ile 9. Asya Acil T\u0131p Kongresi ve 13. T&uuml;rkiye Acil T\u0131p Kongresini b&uuml;y&uuml;k bir ba\u015far\u0131 ile&hellip;<\/p>\n","protected":false},"author":1,"featured_media":0,"comment_status":"open","ping_status":"closed","sticky":false,"template":"","format":"standard","meta":{"_acf_changed":false,"inline_featured_image":false,"_lmt_disableupdate":"","_lmt_disable":"","footnotes":""},"categories":[10011],"tags":[],"class_list":["post-25459","post","type-post","status-publish","format-standard","hentry","category-haber-ve-duyuru"],"acf":[],"_links":{"self":[{"href":"https:\/\/tatd.org.tr\/en\/wp-json\/wp\/v2\/posts\/25459","targetHints":{"allow":["GET"]}}],"collection":[{"href":"https:\/\/tatd.org.tr\/en\/wp-json\/wp\/v2\/posts"}],"about":[{"href":"https:\/\/tatd.org.tr\/en\/wp-json\/wp\/v2\/types\/post"}],"author":[{"embeddable":true,"href":"https:\/\/tatd.org.tr\/en\/wp-json\/wp\/v2\/users\/1"}],"replies":[{"embeddable":true,"href":"https:\/\/tatd.org.tr\/en\/wp-json\/wp\/v2\/comments?post=25459"}],"version-history":[{"count":0,"href":"https:\/\/tatd.org.tr\/en\/wp-json\/wp\/v2\/posts\/25459\/revisions"}],"wp:attachment":[{"href":"https:\/\/tatd.org.tr\/en\/wp-json\/wp\/v2\/media?parent=25459"}],"wp:term":[{"taxonomy":"category","embeddable":true,"href":"https:\/\/tatd.org.tr\/en\/wp-json\/wp\/v2\/categories?post=25459"},{"taxonomy":"post_tag","embeddable":true,"href":"https:\/\/tatd.org.tr\/en\/wp-json\/wp\/v2\/tags?post=25459"}],"curies":[{"name":"wp","href":"https:\/\/api.w.org\/{rel}","templated":true}]}}