{"id":25455,"date":"2017-11-16T00:00:00","date_gmt":"2017-11-15T21:00:00","guid":{"rendered":"https:\/\/tatd.org.tr\/blog\/2017\/11\/16\/vefat-ve-bassagligi-2\/"},"modified":"2021-11-24T18:07:44","modified_gmt":"2021-11-24T15:07:44","slug":"vefat-ve-bassagligi-2","status":"publish","type":"post","link":"https:\/\/tatd.org.tr\/en\/kutlama-ve-anma\/vefat-ve-bassagligi-2\/","title":{"rendered":"Vefat ve Ba\u015fsa\u011fl\u0131\u011f\u0131"},"content":{"rendered":"<p><img decoding=\"async\" alt=\"\" src=\"files\/images\/cemile-akbinar.jpg\" style=\"float:left; height:300px; margin-left:5px; margin-right:5px; width:247px\" \/>Sayg\u0131de\u011fer Acil T\u0131p &Uuml;yeleri,<\/p>\n<p>Bug&uuml;n sabaha kar\u015f\u0131&nbsp;ald\u0131\u011f\u0131m\u0131z ac\u0131 haberle&nbsp;b&uuml;y&uuml;k bir &uuml;z&uuml;nt&uuml;ye kap\u0131ld\u0131k. Camiamizin sevilen, her zaman g&uuml;ler y&uuml;zl&uuml; hem\u015firelerinden ayn\u0131&nbsp;zamanda derne\u011fimiz T&uuml;rkiye Acil T\u0131p Derne\u011fi (TATD)&#39;nin VIII. Y&ouml;netim Kurulu &Uuml;yesi Sn. Cemile Akbinar&#39;\u0131&nbsp;&nbsp;kaybetmi\u015f&nbsp;bulunuyoruz.<\/p>\n<p>Merhumeye Allah&#39;tan rahmet, kederli yak\u0131nlar\u0131na ve Ege Acil T\u0131p ailesine ba\u015fsa\u011fl\u0131\u011f\u0131&nbsp;dileriz.&nbsp;<\/p>\n<p>Sayg\u0131lar\u0131m\u0131zla<\/p>\n<p>T&uuml;rkiye Acil T\u0131p Derne\u011fi<br \/>\nY&ouml;netim Kurulu<\/p>\n","protected":false},"excerpt":{"rendered":"<p>Sayg\u0131de\u011fer Acil T\u0131p &Uuml;yeleri, Bug&uuml;n sabaha kar\u015f\u0131&nbsp;ald\u0131\u011f\u0131m\u0131z ac\u0131 haberle&nbsp;b&uuml;y&uuml;k bir &uuml;z&uuml;nt&uuml;ye kap\u0131ld\u0131k. Camiamizin sevilen, her zaman g&uuml;ler y&uuml;zl&uuml; hem\u015firelerinden ayn\u0131&nbsp;zamanda derne\u011fimiz T&uuml;rkiye Acil T\u0131p Derne\u011fi (TATD)&#39;nin VIII. Y&ouml;netim Kurulu &Uuml;yesi&hellip;<\/p>\n","protected":false},"author":1,"featured_media":0,"comment_status":"open","ping_status":"closed","sticky":false,"template":"","format":"standard","meta":{"_acf_changed":false,"inline_featured_image":false,"_lmt_disableupdate":"","_lmt_disable":"","footnotes":""},"categories":[10013],"tags":[],"class_list":["post-25455","post","type-post","status-publish","format-standard","hentry","category-kutlama-ve-anma"],"acf":[],"_links":{"self":[{"href":"https:\/\/tatd.org.tr\/en\/wp-json\/wp\/v2\/posts\/25455","targetHints":{"allow":["GET"]}}],"collection":[{"href":"https:\/\/tatd.org.tr\/en\/wp-json\/wp\/v2\/posts"}],"about":[{"href":"https:\/\/tatd.org.tr\/en\/wp-json\/wp\/v2\/types\/post"}],"author":[{"embeddable":true,"href":"https:\/\/tatd.org.tr\/en\/wp-json\/wp\/v2\/users\/1"}],"replies":[{"embeddable":true,"href":"https:\/\/tatd.org.tr\/en\/wp-json\/wp\/v2\/comments?post=25455"}],"version-history":[{"count":0,"href":"https:\/\/tatd.org.tr\/en\/wp-json\/wp\/v2\/posts\/25455\/revisions"}],"wp:attachment":[{"href":"https:\/\/tatd.org.tr\/en\/wp-json\/wp\/v2\/media?parent=25455"}],"wp:term":[{"taxonomy":"category","embeddable":true,"href":"https:\/\/tatd.org.tr\/en\/wp-json\/wp\/v2\/categories?post=25455"},{"taxonomy":"post_tag","embeddable":true,"href":"https:\/\/tatd.org.tr\/en\/wp-json\/wp\/v2\/tags?post=25455"}],"curies":[{"name":"wp","href":"https:\/\/api.w.org\/{rel}","templated":true}]}}