{"id":25454,"date":"2017-11-15T00:00:00","date_gmt":"2017-11-14T21:00:00","guid":{"rendered":"https:\/\/tatd.org.tr\/blog\/2017\/11\/15\/temel-ultrasonografi-egitimimiz-erzurumda-gerceklesmistir\/"},"modified":"2021-11-20T03:04:32","modified_gmt":"2021-11-20T00:04:32","slug":"temel-ultrasonografi-egitimimiz-erzurumda-gerceklesmistir","status":"publish","type":"post","link":"https:\/\/tatd.org.tr\/en\/haber-ve-duyuru\/temel-ultrasonografi-egitimimiz-erzurumda-gerceklesmistir\/","title":{"rendered":"Temel Ultrasonografi E\u011fitimimiz Erzurum&#8217;da Ger\u00e7ekle\u015fmi\u015ftir"},"content":{"rendered":"<p>De\u011ferli Acil T\u0131p &Uuml;yeleri,&nbsp;<\/p>\n<p>T&uuml;rkiye Acil T\u0131p Derne\u011fi Ultrasonografi &Ccedil;al\u0131\u015fma Grubu (TATDUS) olarak Erzurum&#39;da 11-12 Kas\u0131m 2017 tarihlerinde Erzurum B&ouml;lge E\u011fitim ve Ara\u015ft\u0131rma Hastanesi Konferans Salonunda Uz. Dr. Ali Batur ev sahipli\u011finde iki g&uuml;nl&uuml;k Temel Ultrasonografi E\u011fitimimizi ger&ccedil;ekle\u015ftirdik. Erzurum, Kars ve A\u011fr\u0131 illerinden kat\u0131l\u0131m sa\u011flayan 20 kursiyerimiz ile birlikte keyifli bir organizasyon ge&ccedil;irdik.&nbsp;Kursumuza e\u011fitmen olarak Do&ccedil;.Dr. Asl\u0131han Y&uuml;r&uuml;kt&uuml;men &Uuml;nal, Uz.Dr. Ali Batur, Uz.Dr. &Ouml;zlem Dikme, Uz.Dr. Mehmet Ali Aslaner, Uz.Dr. &Ouml;zg&uuml;r Dikme ve g&ouml;zetmen e\u011fitmen Uz.Dr. Leyla S&uuml;rmeli kat\u0131lm\u0131\u015flard\u0131r.&nbsp;Erzurum B&ouml;lge E\u011fitim ve Ara\u015ft\u0131rma Hastanesi Ba\u015fhekimi say\u0131n Yrd.Do&ccedil;.Dr. Orhan Delice&rsquo;ye g&ouml;stermi\u015f oldu\u011fu ilgi sebebi ile te\u015fekk&uuml;r&uuml; ayr\u0131 bir bor&ccedil; biliriz.&nbsp;E\u011fitmenlerimize g&ouml;sterdikleri &ouml;zveriden, kursiyerlerimize yo\u011fun ilgilerinden dolay\u0131 te\u015fekk&uuml;r ederiz. Kurs foto\u011fraflar\u0131m\u0131za&nbsp;<a href=\"http:\/\/www.tatdus.org\/\">www.tatdus.org<\/a>&nbsp;adresinden ula\u015fabilirsiniz.<\/p>\n<p>Sayg\u0131lar\u0131m\u0131zla.<\/p>\n<p>Uz. Dr. &Ouml;zlem Dikme<br \/>\nDo&ccedil;. Dr.&nbsp;Asl\u0131han Y&uuml;r&uuml;kt&uuml;men &Uuml;nal<br \/>\nT&uuml;rkiye Acil T\u0131p Derne\u011fi Ultrasonografi &Ccedil;al\u0131\u015fma Grubu<\/p>\n<p><img decoding=\"async\" alt=\"\" src=\"files\/images\/temel_ultrasonografi.png\" style=\"height:533px; width:800px\" \/><\/p>\n","protected":false},"excerpt":{"rendered":"<p>De\u011ferli Acil T\u0131p &Uuml;yeleri,&nbsp; T&uuml;rkiye Acil T\u0131p Derne\u011fi Ultrasonografi &Ccedil;al\u0131\u015fma Grubu (TATDUS) olarak Erzurum&#39;da 11-12 Kas\u0131m 2017 tarihlerinde Erzurum B&ouml;lge E\u011fitim ve Ara\u015ft\u0131rma Hastanesi Konferans Salonunda Uz. Dr. Ali Batur&hellip;<\/p>\n","protected":false},"author":1,"featured_media":0,"comment_status":"open","ping_status":"closed","sticky":false,"template":"","format":"standard","meta":{"_acf_changed":false,"inline_featured_image":false,"_lmt_disableupdate":"","_lmt_disable":"","footnotes":""},"categories":[10011],"tags":[],"class_list":["post-25454","post","type-post","status-publish","format-standard","hentry","category-haber-ve-duyuru"],"acf":[],"_links":{"self":[{"href":"https:\/\/tatd.org.tr\/en\/wp-json\/wp\/v2\/posts\/25454","targetHints":{"allow":["GET"]}}],"collection":[{"href":"https:\/\/tatd.org.tr\/en\/wp-json\/wp\/v2\/posts"}],"about":[{"href":"https:\/\/tatd.org.tr\/en\/wp-json\/wp\/v2\/types\/post"}],"author":[{"embeddable":true,"href":"https:\/\/tatd.org.tr\/en\/wp-json\/wp\/v2\/users\/1"}],"replies":[{"embeddable":true,"href":"https:\/\/tatd.org.tr\/en\/wp-json\/wp\/v2\/comments?post=25454"}],"version-history":[{"count":0,"href":"https:\/\/tatd.org.tr\/en\/wp-json\/wp\/v2\/posts\/25454\/revisions"}],"wp:attachment":[{"href":"https:\/\/tatd.org.tr\/en\/wp-json\/wp\/v2\/media?parent=25454"}],"wp:term":[{"taxonomy":"category","embeddable":true,"href":"https:\/\/tatd.org.tr\/en\/wp-json\/wp\/v2\/categories?post=25454"},{"taxonomy":"post_tag","embeddable":true,"href":"https:\/\/tatd.org.tr\/en\/wp-json\/wp\/v2\/tags?post=25454"}],"curies":[{"name":"wp","href":"https:\/\/api.w.org\/{rel}","templated":true}]}}