{"id":25413,"date":"2017-04-07T00:00:00","date_gmt":"2017-04-06T21:00:00","guid":{"rendered":"https:\/\/tatd.org.tr\/blog\/2017\/04\/07\/tatd-kutlama\/"},"modified":"2021-11-24T18:17:38","modified_gmt":"2021-11-24T15:17:38","slug":"tatd-kutlama","status":"publish","type":"post","link":"https:\/\/tatd.org.tr\/en\/kutlama-ve-anma\/tatd-kutlama\/","title":{"rendered":"TATD-Kutlama"},"content":{"rendered":"<p>Sayg\u0131de\u011fer Grup &Uuml;yeleri,<\/p>\n<p>Adnan Menderes &Uuml;niversitesi T\u0131p Fak&uuml;ltesi Acil T\u0131p A.D. &Ouml;\u011fretim &Uuml;yelerinden Sn.Yrd. Do&ccedil;. Dr. Ahmet Kenan T&uuml;rkdo\u011fan, Kafkas &Uuml;niversitesi T\u0131p Fak&uuml;ltesi Acil T\u0131p A.D. &Ouml;.&Uuml;. Sn. Yrd. Do&ccedil;. Dr. G&uuml;l\u015fen Ak&ccedil;ay &Ccedil;\u0131\u011f\u015far ve &nbsp;Bozok &Uuml;niversitesi T\u0131p Fak&uuml;ltesi Acil T\u0131p A.D.&nbsp;&Ouml;\u011fretim &Uuml;yelerinden Sn.Yrd. Do&ccedil;. Dr.&nbsp;\u015eadiye Yolcu&nbsp;girdikleri s\u0131navlarda Do&ccedil;ent olmaya hak kazanm\u0131\u015ft\u0131r. Sn. Do&ccedil;. Dr. Ahmet Kenan T&uuml;rkdo\u011fan, Sn. Do&ccedil;. Dr. G&uuml;l\u015fen Ak&ccedil;ay &Ccedil;\u0131\u011f\u015far ve Sn. Dr. Do&ccedil;. \u015eadiye Yolcu&#39;yu tebrik eder, ba\u015far\u0131lar\u0131n\u0131n devam\u0131n\u0131 dileriz. &nbsp;<\/p>\n<p><strong>T&uuml;rkiye Acil T\u0131p Derne\u011fi&nbsp;<\/strong><br \/>\n<strong>Y&ouml;netim Kurulu<\/strong><\/p>\n<div class=\"pcrstb-wrap\"><table class=\"table\">\n<tbody>\n<tr>\n<td style=\"text-align:center\"><img decoding=\"async\" alt=\"\" src=\"files\/images\/ahmet_kenan_turkdogan.jpg\" style=\"height:246px; width:200px\" \/><\/td>\n<td style=\"text-align:center\"><img decoding=\"async\" alt=\"\" src=\"files\/images\/gulsen_akcay_cigsar.jpg\" style=\"height:240px; width:200px\" \/><\/td>\n<td style=\"text-align:center\"><img decoding=\"async\" alt=\"\" src=\"files\/images\/sadiye_yolcu.jpg\" style=\"height:200px; width:200px\" \/><\/td>\n<\/tr>\n<tr>\n<td style=\"text-align:center\">Do&ccedil;. Dr. Ahmet Kenan T&uuml;rkdo\u011fan<\/td>\n<td style=\"text-align:center\">Do&ccedil;. Dr. G&uuml;l\u015fen Ak&ccedil;ay &Ccedil;\u0131\u011f\u015far<\/td>\n<td style=\"text-align:center\">Do&ccedil;. Dr. \u015eadiye Yolcu<\/td>\n<\/tr>\n<\/tbody>\n<\/table><\/div>\n<p>&nbsp;<\/p>\n","protected":false},"excerpt":{"rendered":"<p>Sayg\u0131de\u011fer Grup &Uuml;yeleri, Adnan Menderes &Uuml;niversitesi T\u0131p Fak&uuml;ltesi Acil T\u0131p A.D. &Ouml;\u011fretim &Uuml;yelerinden Sn.Yrd. Do&ccedil;. Dr. Ahmet Kenan T&uuml;rkdo\u011fan, Kafkas &Uuml;niversitesi T\u0131p Fak&uuml;ltesi Acil T\u0131p A.D. &Ouml;.&Uuml;. Sn. Yrd. Do&ccedil;.&hellip;<\/p>\n","protected":false},"author":1,"featured_media":0,"comment_status":"open","ping_status":"closed","sticky":false,"template":"","format":"standard","meta":{"_acf_changed":false,"inline_featured_image":false,"_lmt_disableupdate":"","_lmt_disable":"","footnotes":""},"categories":[10013],"tags":[],"class_list":["post-25413","post","type-post","status-publish","format-standard","hentry","category-kutlama-ve-anma"],"acf":[],"_links":{"self":[{"href":"https:\/\/tatd.org.tr\/en\/wp-json\/wp\/v2\/posts\/25413","targetHints":{"allow":["GET"]}}],"collection":[{"href":"https:\/\/tatd.org.tr\/en\/wp-json\/wp\/v2\/posts"}],"about":[{"href":"https:\/\/tatd.org.tr\/en\/wp-json\/wp\/v2\/types\/post"}],"author":[{"embeddable":true,"href":"https:\/\/tatd.org.tr\/en\/wp-json\/wp\/v2\/users\/1"}],"replies":[{"embeddable":true,"href":"https:\/\/tatd.org.tr\/en\/wp-json\/wp\/v2\/comments?post=25413"}],"version-history":[{"count":0,"href":"https:\/\/tatd.org.tr\/en\/wp-json\/wp\/v2\/posts\/25413\/revisions"}],"wp:attachment":[{"href":"https:\/\/tatd.org.tr\/en\/wp-json\/wp\/v2\/media?parent=25413"}],"wp:term":[{"taxonomy":"category","embeddable":true,"href":"https:\/\/tatd.org.tr\/en\/wp-json\/wp\/v2\/categories?post=25413"},{"taxonomy":"post_tag","embeddable":true,"href":"https:\/\/tatd.org.tr\/en\/wp-json\/wp\/v2\/tags?post=25413"}],"curies":[{"name":"wp","href":"https:\/\/api.w.org\/{rel}","templated":true}]}}