{"id":25408,"date":"2017-03-17T00:00:00","date_gmt":"2017-03-16T21:00:00","guid":{"rendered":"https:\/\/tatd.org.tr\/blog\/2017\/03\/17\/18-mart-canakkale-zaferi-sehitleri-anma-gunu\/"},"modified":"2021-11-24T18:18:18","modified_gmt":"2021-11-24T15:18:18","slug":"18-mart-canakkale-zaferi-sehitleri-anma-gunu","status":"publish","type":"post","link":"https:\/\/tatd.org.tr\/en\/ozel-gunler\/18-mart-canakkale-zaferi-sehitleri-anma-gunu\/","title":{"rendered":"18 Mart \u00c7anakkale Zaferi &#8211; \u015eehitleri Anma G\u00fcn\u00fc"},"content":{"rendered":"<p>Bug&uuml;nlere ula\u015fmam\u0131z\u0131 sa\u011flayan ba\u015fta Gazi Mustafa Kemal Atat&uuml;rk ve silah arkada\u015flar\u0131 olmak &uuml;zere vatan\u0131m\u0131z\u0131n b&ouml;l&uuml;nmez b&uuml;t&uuml;nl&uuml;\u011f&uuml; ve T&uuml;rk Halk\u0131&#39;n\u0131n huzur ve g&uuml;venli\u011fi i&ccedil;in hayatlar\u0131n\u0131 feda etmekten &ccedil;ekinmeyen Aziz \u015fehitlerimizi minnet ve sayg\u0131yla an\u0131yoruz.<\/p>\n<p>Sayg\u0131lar\u0131m\u0131zla<br \/>\n<strong>T&uuml;rkiye Acil T\u0131p Derne\u011fi<\/strong><\/p>\n<p style=\"text-align:center\"><strong><img decoding=\"async\" alt=\"\" src=\"files\/images\/canakkale_18_mart.png\" style=\"height:327px; width:750px\" \/><\/strong><\/p>\n<blockquote>\n<p><em>Ben size taarruz emretmiyorum, &ouml;lmeyi emrediyorum. Biz &ouml;l&uuml;nceye kadar ge&ccedil;ecek zaman zarf\u0131nda, yerimize ba\u015fka kuvvetler ve komutanlar kaim olabilir.<\/em><\/p>\n<p><small>Mustafa Kemal Atat&uuml;rk<\/small><\/p><\/blockquote>\n","protected":false},"excerpt":{"rendered":"<p>Bug&uuml;nlere ula\u015fmam\u0131z\u0131 sa\u011flayan ba\u015fta Gazi Mustafa Kemal Atat&uuml;rk ve silah arkada\u015flar\u0131 olmak &uuml;zere vatan\u0131m\u0131z\u0131n b&ouml;l&uuml;nmez b&uuml;t&uuml;nl&uuml;\u011f&uuml; ve T&uuml;rk Halk\u0131&#39;n\u0131n huzur ve g&uuml;venli\u011fi i&ccedil;in hayatlar\u0131n\u0131 feda etmekten &ccedil;ekinmeyen Aziz \u015fehitlerimizi minnet&hellip;<\/p>\n","protected":false},"author":1,"featured_media":0,"comment_status":"open","ping_status":"closed","sticky":false,"template":"","format":"standard","meta":{"_acf_changed":false,"inline_featured_image":false,"_lmt_disableupdate":"","_lmt_disable":"","footnotes":""},"categories":[10029],"tags":[],"class_list":["post-25408","post","type-post","status-publish","format-standard","hentry","category-ozel-gunler"],"acf":[],"_links":{"self":[{"href":"https:\/\/tatd.org.tr\/en\/wp-json\/wp\/v2\/posts\/25408","targetHints":{"allow":["GET"]}}],"collection":[{"href":"https:\/\/tatd.org.tr\/en\/wp-json\/wp\/v2\/posts"}],"about":[{"href":"https:\/\/tatd.org.tr\/en\/wp-json\/wp\/v2\/types\/post"}],"author":[{"embeddable":true,"href":"https:\/\/tatd.org.tr\/en\/wp-json\/wp\/v2\/users\/1"}],"replies":[{"embeddable":true,"href":"https:\/\/tatd.org.tr\/en\/wp-json\/wp\/v2\/comments?post=25408"}],"version-history":[{"count":0,"href":"https:\/\/tatd.org.tr\/en\/wp-json\/wp\/v2\/posts\/25408\/revisions"}],"wp:attachment":[{"href":"https:\/\/tatd.org.tr\/en\/wp-json\/wp\/v2\/media?parent=25408"}],"wp:term":[{"taxonomy":"category","embeddable":true,"href":"https:\/\/tatd.org.tr\/en\/wp-json\/wp\/v2\/categories?post=25408"},{"taxonomy":"post_tag","embeddable":true,"href":"https:\/\/tatd.org.tr\/en\/wp-json\/wp\/v2\/tags?post=25408"}],"curies":[{"name":"wp","href":"https:\/\/api.w.org\/{rel}","templated":true}]}}