{"id":25373,"date":"2016-11-07T00:00:00","date_gmt":"2016-11-06T21:00:00","guid":{"rendered":"https:\/\/tatd.org.tr\/blog\/2016\/11\/07\/2-basamakta-acil-hasta-bakimi-egitimiz-izmirde-gerceklesmistir\/"},"modified":"2021-11-20T03:04:15","modified_gmt":"2021-11-20T00:04:15","slug":"2-basamakta-acil-hasta-bakimi-egitimiz-izmirde-gerceklesmistir","status":"publish","type":"post","link":"https:\/\/tatd.org.tr\/en\/haber-ve-duyuru\/2-basamakta-acil-hasta-bakimi-egitimiz-izmirde-gerceklesmistir\/","title":{"rendered":"2. Basamakta Acil Hasta Bak\u0131m\u0131 E\u011fitimiz \u0130zmir&#8217;de Ger\u00e7ekle\u015fmi\u015ftir."},"content":{"rendered":"<p>T&uuml;rkiye Acil T\u0131p Derne\u011fi olarak 3-4 Kas\u0131m 2016 tarihlerinde Pilot b&ouml;lge se&ccedil;ilen \u0130zmir Dokuz Eyl&uuml;l &Uuml;niversitesi Hastanesi Acil T\u0131p Anabilimdal\u0131&#39;nda 2 g&uuml;nl&uuml;k <strong>2. Basamakta Acil Hasta Bak\u0131m\u0131 E\u011fitimi<\/strong> d&uuml;zenledik. Olumlu geri bildirim yap\u0131lan kursumuza 9 farkl\u0131 hastaneden 16 pratisyen hekimimiz&nbsp;ve 10 e\u011fitmenimiz kat\u0131lm\u0131\u015ft\u0131r.&nbsp;<\/p>\n<p>Derne\u011fimiz taraf\u0131ndan, bu e\u011fitimin T&uuml;rkiye&#39;de daha fazla yayg\u0131nla\u015ft\u0131r\u0131lmas\u0131, kursun s&uuml;resinin uzat\u0131larak daha fazla pratik ve vaka say\u0131lar\u0131na a\u011f\u0131rl\u0131k verilmesi karar\u0131 al\u0131nm\u0131\u015ft\u0131r.<\/p>\n<p>E\u011fitimimize destek veren e\u011fitmenlerimize ve y&uuml;ksek ilgilerinden dolay\u0131 kat\u0131l\u0131mc\u0131lar\u0131m\u0131za te\u015fekk&uuml;r ederiz.&nbsp;<\/p>\n<p><strong>T&uuml;rkiye Acil T\u0131p Derne\u011fi<\/strong><br \/>\nY&ouml;netim Kurulu&nbsp;<\/p>\n","protected":false},"excerpt":{"rendered":"<p>T&uuml;rkiye Acil T\u0131p Derne\u011fi olarak 3-4 Kas\u0131m 2016 tarihlerinde Pilot b&ouml;lge se&ccedil;ilen \u0130zmir Dokuz Eyl&uuml;l &Uuml;niversitesi Hastanesi Acil T\u0131p Anabilimdal\u0131&#39;nda 2 g&uuml;nl&uuml;k 2. Basamakta Acil Hasta Bak\u0131m\u0131 E\u011fitimi d&uuml;zenledik. Olumlu&hellip;<\/p>\n","protected":false},"author":1,"featured_media":0,"comment_status":"open","ping_status":"closed","sticky":false,"template":"","format":"standard","meta":{"_acf_changed":false,"inline_featured_image":false,"_lmt_disableupdate":"","_lmt_disable":"","footnotes":""},"categories":[10011],"tags":[],"class_list":["post-25373","post","type-post","status-publish","format-standard","hentry","category-haber-ve-duyuru"],"acf":[],"_links":{"self":[{"href":"https:\/\/tatd.org.tr\/en\/wp-json\/wp\/v2\/posts\/25373","targetHints":{"allow":["GET"]}}],"collection":[{"href":"https:\/\/tatd.org.tr\/en\/wp-json\/wp\/v2\/posts"}],"about":[{"href":"https:\/\/tatd.org.tr\/en\/wp-json\/wp\/v2\/types\/post"}],"author":[{"embeddable":true,"href":"https:\/\/tatd.org.tr\/en\/wp-json\/wp\/v2\/users\/1"}],"replies":[{"embeddable":true,"href":"https:\/\/tatd.org.tr\/en\/wp-json\/wp\/v2\/comments?post=25373"}],"version-history":[{"count":0,"href":"https:\/\/tatd.org.tr\/en\/wp-json\/wp\/v2\/posts\/25373\/revisions"}],"wp:attachment":[{"href":"https:\/\/tatd.org.tr\/en\/wp-json\/wp\/v2\/media?parent=25373"}],"wp:term":[{"taxonomy":"category","embeddable":true,"href":"https:\/\/tatd.org.tr\/en\/wp-json\/wp\/v2\/categories?post=25373"},{"taxonomy":"post_tag","embeddable":true,"href":"https:\/\/tatd.org.tr\/en\/wp-json\/wp\/v2\/tags?post=25373"}],"curies":[{"name":"wp","href":"https:\/\/api.w.org\/{rel}","templated":true}]}}