{"id":25369,"date":"2016-10-19T00:00:00","date_gmt":"2016-10-18T21:00:00","guid":{"rendered":"https:\/\/tatd.org.tr\/blog\/2016\/10\/19\/acil-eylem-plani\/"},"modified":"2021-11-20T03:04:14","modified_gmt":"2021-11-20T00:04:14","slug":"acil-eylem-plani","status":"publish","type":"post","link":"https:\/\/tatd.org.tr\/en\/haber-ve-duyuru\/acil-eylem-plani\/","title":{"rendered":"Acil Eylem Plan\u0131"},"content":{"rendered":"<p><strong>De\u011ferli Acil T\u0131p Uzmanlar\u0131,<\/strong><\/p>\n<p>T&uuml;rkiye Acil T\u0131p Derne\u011fi, &uuml;lkemizdeki acil sa\u011fl\u0131k hizmetlerinin iyile\u015ftirilmesi i&ccedil;in gerekli giri\u015fimlerde bulunmaktad\u0131r. Acil servislerde ya\u015fanan sorunlar ve &ccedil;&ouml;z&uuml;m &ouml;nerileri ile ilgili g&ouml;r&uuml;\u015f ve &ouml;nerilerini Sa\u011fl\u0131k Bakanl\u0131\u011f\u0131 ve Kamu Hastaneleri Kurumuna iletmekte olup gerekli &ouml;nleyici ve d&uuml;zeltici faaliyetleri yerine getirmesini de talep etmektedir.<\/p>\n<p>Sa\u011fl\u0131k Bakanl\u0131\u011f\u0131 ve Kamu Hastaneleri Kurumu ile yap\u0131lan daha &ouml;nceki toplant\u0131 ve &ccedil;al\u0131\u015ftaylar sonucunda &ouml;ncelikli konular aras\u0131nda yer alan acil serviste yat\u0131\u015f ve sevk problemleri ile ilgili a&ccedil;\u0131klay\u0131c\u0131 yaz\u0131n\u0131n Kamu Hastanelerini Kurumuna ba\u011fl\u0131 hastanelere da\u011f\u0131t\u0131ld\u0131\u011f\u0131n\u0131 g&ouml;rmekten mutluyuz. Bu konudaki &ccedil;al\u0131\u015fmalara katk\u0131 sa\u011flayan TATD &uuml;yelerine, acil t\u0131p uzmanl\u0131k alan\u0131nda u\u011fra\u015f g&ouml;steren di\u011fer kurum ve kurulu\u015flara &uuml;ye olan acil t\u0131p uzmanlar\u0131m\u0131za ve bu &ccedil;al\u0131\u015ftaylar\u0131 d&uuml;zenleyen, haz\u0131rlanan metinlerin hayata ge&ccedil;irilmesi i&ccedil;in gerekli mevzuat de\u011fi\u015fikliklerini yapan Sa\u011fl\u0131k Bakanl\u0131\u011f\u0131 ve Kamu Hastaneleri Kurumu y&ouml;netici ve temsilcilerine te\u015fekk&uuml;r ederiz.<\/p>\n<p>Sa\u011fl\u0131k Bakanl\u0131\u011f\u0131 Kamu Hastaneleri Kurumunun Acil Eylem Plan\u0131 ad\u0131yla yay\u0131nlad\u0131\u011f\u0131 belgede Yatakl\u0131 Sa\u011fl\u0131k Tesislerinde Acil Servis Hizmetlerinin Uygulama Usul ve Esaslar\u0131 Hakk\u0131nda Tebli\u011fin &ldquo;Acil servislerde hasta kabul ve yat\u0131\u015f i\u015flemleri&rdquo; ba\u015fl\u0131kl\u0131 14. maddesinin 3. f\u0131kras\u0131ndaki ve &ldquo;Acil servisten di\u011fer sa\u011fl\u0131k tesislerine sevk ve nakil esaslar\u0131&rdquo; ba\u015fl\u0131kl\u0131 15. maddesindeki h&uuml;k&uuml;mlere at\u0131fla acil servise ba\u015fvuran hastalara sunulan sa\u011fl\u0131k hizmetlerinde ya\u015fan\u0131lan aksakl\u0131klar\u0131n giderilmesi amac\u0131yla a\u015fa\u011f\u0131daki ifadelere dikkat &ccedil;ekilmi\u015ftir. &nbsp;<\/p>\n<p>Acil servise ba\u015fvuran hastalardan 24 saat i&ccedil;inde tan\u0131 konulanlar\u0131n ilgili klini\u011fe yat\u0131r\u0131lmas\u0131, 24 saat i&ccedil;inde tan\u0131 konmayan hastalar\u0131n en &ccedil;ok ilgili oldu\u011fu klinik bran\u015fa yat\u0131\u015f\u0131n\u0131n sa\u011flanmas\u0131n\u0131n temin edilmesi, kesin tan\u0131s\u0131 belirlenmi\u015f hastalar\u0131n en ge&ccedil; 4 saat i&ccedil;erisinde ilgili klinik bran\u015fa yat\u0131r\u0131lmas\u0131, yat\u0131\u015f i\u015fleminin tercihen ilgili klinik bran\u015f hekimince sa\u011flanmas\u0131 ancak l&uuml;zum g&ouml;r&uuml;lmesi halinde ilgili hekime haber verilerek acil servis sorumlu hekimince yat\u0131\u015f i\u015flemlerinin sa\u011flanmas\u0131, acil serviste yat\u0131\u015f bekleyen hasta varken poliklinikten acil olmayan hastalar\u0131n yat\u0131\u015f\u0131n\u0131n engellenmesi amac\u0131yla hastane yaz\u0131l\u0131m de\u011fi\u015fikliklerinin yap\u0131lmas\u0131, ilgili klinik bran\u015fta bo\u015f yatak olmamas\u0131 sebebiyle sevk yap\u0131lmamas\u0131 ve en uygun ba\u015fka bir klinik bo\u015f yata\u011f\u0131na yat\u0131r\u0131lmas\u0131, ameliyat ve benzeri i\u015flemlerde &ouml;ncesinde yap\u0131lacak haz\u0131rl\u0131k tetkiklerinin ve elektif poliklinik yat\u0131\u015flar\u0131n\u0131n acil servisler &uuml;zerinden yap\u0131lmas\u0131n\u0131n engellenmesi i&ccedil;in tedbirlerin al\u0131nmas\u0131 hususlar\u0131na dikkat &ccedil;ekilmi\u015f olup; ayr\u0131ca yo\u011fun bak\u0131m ve &ouml;zellikli sa\u011fl\u0131k hizmeti gerektiren hastalar\u0131n sevki ile ilgili yeni d&uuml;zenlemeler yap\u0131lm\u0131\u015ft\u0131r.<\/p>\n<p>Ekte yaz\u0131n\u0131n orjinali mevcut olup siz de\u011ferli Acil Servis Uzmanlar\u0131n\u0131n bilgilerine sunar\u0131z.<\/p>\n<p><strong>T&uuml;rkiye Acil T\u0131p Derne\u011fi<\/strong><br \/>\nY&ouml;netim Kurulu&nbsp;<\/p>\n<p><img decoding=\"async\" alt=\"\" src=\"files\/images\/pdf.png\" style=\"float:left; height:20px; margin-left:5px; margin-right:5px; width:20px\" \/><a href=\"files\/files\/acil_eylem_plani.pdf\" target=\"_blank\">Acil Eylem Plan\u0131<\/a><\/p>\n","protected":false},"excerpt":{"rendered":"<p>De\u011ferli Acil T\u0131p Uzmanlar\u0131, T&uuml;rkiye Acil T\u0131p Derne\u011fi, &uuml;lkemizdeki acil sa\u011fl\u0131k hizmetlerinin iyile\u015ftirilmesi i&ccedil;in gerekli giri\u015fimlerde bulunmaktad\u0131r. Acil servislerde ya\u015fanan sorunlar ve &ccedil;&ouml;z&uuml;m &ouml;nerileri ile ilgili g&ouml;r&uuml;\u015f ve &ouml;nerilerini Sa\u011fl\u0131k&hellip;<\/p>\n","protected":false},"author":1,"featured_media":0,"comment_status":"open","ping_status":"closed","sticky":false,"template":"","format":"standard","meta":{"_acf_changed":false,"inline_featured_image":false,"_lmt_disableupdate":"","_lmt_disable":"","footnotes":""},"categories":[10011],"tags":[],"class_list":["post-25369","post","type-post","status-publish","format-standard","hentry","category-haber-ve-duyuru"],"acf":[],"_links":{"self":[{"href":"https:\/\/tatd.org.tr\/en\/wp-json\/wp\/v2\/posts\/25369","targetHints":{"allow":["GET"]}}],"collection":[{"href":"https:\/\/tatd.org.tr\/en\/wp-json\/wp\/v2\/posts"}],"about":[{"href":"https:\/\/tatd.org.tr\/en\/wp-json\/wp\/v2\/types\/post"}],"author":[{"embeddable":true,"href":"https:\/\/tatd.org.tr\/en\/wp-json\/wp\/v2\/users\/1"}],"replies":[{"embeddable":true,"href":"https:\/\/tatd.org.tr\/en\/wp-json\/wp\/v2\/comments?post=25369"}],"version-history":[{"count":0,"href":"https:\/\/tatd.org.tr\/en\/wp-json\/wp\/v2\/posts\/25369\/revisions"}],"wp:attachment":[{"href":"https:\/\/tatd.org.tr\/en\/wp-json\/wp\/v2\/media?parent=25369"}],"wp:term":[{"taxonomy":"category","embeddable":true,"href":"https:\/\/tatd.org.tr\/en\/wp-json\/wp\/v2\/categories?post=25369"},{"taxonomy":"post_tag","embeddable":true,"href":"https:\/\/tatd.org.tr\/en\/wp-json\/wp\/v2\/tags?post=25369"}],"curies":[{"name":"wp","href":"https:\/\/api.w.org\/{rel}","templated":true}]}}