{"id":25334,"date":"2016-05-19T00:00:00","date_gmt":"2016-05-18T21:00:00","guid":{"rendered":"https:\/\/tatd.org.tr\/blog\/2016\/05\/19\/19-mayis-ataturku-anma-genclik-ve-spor-bayrami-kutlu-olsun\/"},"modified":"2021-11-24T20:11:00","modified_gmt":"2021-11-24T17:11:00","slug":"19-mayis-ataturku-anma-genclik-ve-spor-bayrami-kutlu-olsun","status":"publish","type":"post","link":"https:\/\/tatd.org.tr\/en\/ozel-gunler\/19-mayis-ataturku-anma-genclik-ve-spor-bayrami-kutlu-olsun\/","title":{"rendered":"19 May\u0131s Atat\u00fcrk&#8217;\u00fc Anma, Gen\u00e7lik ve Spor Bayram\u0131 Kutlu Olsun"},"content":{"rendered":"<p>\u0130lk defa 1935 y\u0131l\u0131nda kutlanan 19 May\u0131s Atat&uuml;rk&#39;&uuml; Anma, Gen&ccedil;lik ve Spor Bayram\u0131&#39;n\u0131n 97. y\u0131l d&ouml;n&uuml;m&uuml;n&uuml; kutlar, sayg\u0131lar\u0131m\u0131z\u0131 sunar\u0131z.<\/p>\n<p><strong>T&uuml;rkiye Acil T\u0131p Derne\u011fi &nbsp; &nbsp; &nbsp; &nbsp; &nbsp; &nbsp; &nbsp; &nbsp; &nbsp; &nbsp; &nbsp; &nbsp; &nbsp; &nbsp; &nbsp; &nbsp; &nbsp; &nbsp; &nbsp; &nbsp; &nbsp; &nbsp; &nbsp; &nbsp; &nbsp; &nbsp; &nbsp; &nbsp; &nbsp; &nbsp; &nbsp; &nbsp; &nbsp; &nbsp; &nbsp; &nbsp; &nbsp; &nbsp; &nbsp; &nbsp; &nbsp; &nbsp; &nbsp; &nbsp; &nbsp; &nbsp; &nbsp; &nbsp; &nbsp; &nbsp; &nbsp; &nbsp; &nbsp; &nbsp; &nbsp; &nbsp; &nbsp; &nbsp; &nbsp; &nbsp; &nbsp; &nbsp; &nbsp; &nbsp; &nbsp; &nbsp; &nbsp; &nbsp; &nbsp; &nbsp; &nbsp; &nbsp; &nbsp; &nbsp; Y&ouml;netim Kurulu<\/strong><\/p>\n<p>&nbsp;<\/p>\n<blockquote>\n<p><em>Gen&ccedil;ler! Cesaretimizi takviye ve devam ettiren sizsiniz. Siz almakta oldu\u011funuz e\u011fitim ve k&uuml;lt&uuml;r ile, insanl\u0131k meziyetinin, vatan, fikir h&uuml;rriyetinin en k\u0131ymetli sembol&uuml; olacaks\u0131n\u0131z. Ey y&uuml;kselen yeni nesil! \u0130stikb&acirc;l sizindir. Cumhuriyet&#39;i biz kurduk; onu y&uuml;kseltecek ve devam ettirecek sizsiniz.<\/em><\/p>\n<p><em>Milletin ba\u011fr\u0131ndan temiz bir ku\u015fak yeti\u015fiyor. Bu eseri ona b\u0131rakaca\u011f\u0131m ve g&ouml;z&uuml;m arkada kalmayacak<\/em><\/p>\n<p><strong><em>&#8212; Mustafa Kemal ATAT&Uuml;RK<\/em><\/strong><\/p>\n<\/blockquote>\n<p><img decoding=\"async\" alt=\"\" src=\"https:\/\/tatd.org.tr\/wp-content\/uploads\/2021\/11\/529.jpg\" style=\"height:522px; width:726px\" \/><\/p>\n","protected":false},"excerpt":{"rendered":"<p>\u0130lk defa 1935 y\u0131l\u0131nda kutlanan 19 May\u0131s Atat&uuml;rk&#39;&uuml; Anma, Gen&ccedil;lik ve Spor Bayram\u0131&#39;n\u0131n 97. y\u0131l d&ouml;n&uuml;m&uuml;n&uuml; kutlar, sayg\u0131lar\u0131m\u0131z\u0131 sunar\u0131z. T&uuml;rkiye Acil T\u0131p Derne\u011fi &nbsp; &nbsp; &nbsp; &nbsp; &nbsp; &nbsp; &nbsp;&hellip;<\/p>\n","protected":false},"author":1,"featured_media":25335,"comment_status":"open","ping_status":"closed","sticky":false,"template":"","format":"standard","meta":{"_acf_changed":false,"inline_featured_image":false,"_lmt_disableupdate":"","_lmt_disable":"","footnotes":""},"categories":[10029],"tags":[],"class_list":["post-25334","post","type-post","status-publish","format-standard","has-post-thumbnail","hentry","category-ozel-gunler"],"acf":[],"_links":{"self":[{"href":"https:\/\/tatd.org.tr\/en\/wp-json\/wp\/v2\/posts\/25334","targetHints":{"allow":["GET"]}}],"collection":[{"href":"https:\/\/tatd.org.tr\/en\/wp-json\/wp\/v2\/posts"}],"about":[{"href":"https:\/\/tatd.org.tr\/en\/wp-json\/wp\/v2\/types\/post"}],"author":[{"embeddable":true,"href":"https:\/\/tatd.org.tr\/en\/wp-json\/wp\/v2\/users\/1"}],"replies":[{"embeddable":true,"href":"https:\/\/tatd.org.tr\/en\/wp-json\/wp\/v2\/comments?post=25334"}],"version-history":[{"count":0,"href":"https:\/\/tatd.org.tr\/en\/wp-json\/wp\/v2\/posts\/25334\/revisions"}],"wp:featuredmedia":[{"embeddable":true,"href":"https:\/\/tatd.org.tr\/en\/wp-json\/wp\/v2\/media\/25335"}],"wp:attachment":[{"href":"https:\/\/tatd.org.tr\/en\/wp-json\/wp\/v2\/media?parent=25334"}],"wp:term":[{"taxonomy":"category","embeddable":true,"href":"https:\/\/tatd.org.tr\/en\/wp-json\/wp\/v2\/categories?post=25334"},{"taxonomy":"post_tag","embeddable":true,"href":"https:\/\/tatd.org.tr\/en\/wp-json\/wp\/v2\/tags?post=25334"}],"curies":[{"name":"wp","href":"https:\/\/api.w.org\/{rel}","templated":true}]}}