{"id":25333,"date":"2016-05-17T00:00:00","date_gmt":"2016-05-16T21:00:00","guid":{"rendered":"https:\/\/tatd.org.tr\/blog\/2016\/05\/17\/iv-yaz-sempozyumu-geride-kaldi\/"},"modified":"2021-11-20T03:04:06","modified_gmt":"2021-11-20T00:04:06","slug":"iv-yaz-sempozyumu-geride-kaldi","status":"publish","type":"post","link":"https:\/\/tatd.org.tr\/en\/haber-ve-duyuru\/iv-yaz-sempozyumu-geride-kaldi\/","title":{"rendered":"IV. Yaz Sempozyumu geride kald\u0131"},"content":{"rendered":"<p>TATD IV. Yaz Sempozyum: Kardiyovask&uuml;ler Aciller, 06-08 May\u0131s 2016 tarihleri aras\u0131nda Antalya&rsquo;da Sherwood Breezes Resort Otel Kongre Merkezi&rsquo;nde ger&ccedil;ekle\u015fti. Uzmanl\u0131k e\u011fitimi verilen &ccedil;ok say\u0131da acil t\u0131p klini\u011finden toplam 33 Konu\u015fmac\u0131, 152 kat\u0131l\u0131mc\u0131 ve 21 poster bildirisi oldu. Amac\u0131m\u0131z kat\u0131l\u0131mc\u0131lara eksiksiz bir sempozyum sunmakt\u0131; ve sempozyumun ba\u015far\u0131s\u0131, organizasyondaki t&uuml;m yorgunlu\u011fumuza de\u011fdi. Ba\u015fta Sempozyum Onursal ba\u015fkan\u0131 Prof. Dr. Y\u0131ld\u0131ray &Ccedil;ETE ve Sempozyum ba\u015fkan\u0131 Do&ccedil;. Dr. Cem OKTAY olmak &uuml;zere herkese ilgisi i&ccedil;in te\u015fekk&uuml;r ederiz.<\/p>\n<p>Acil Kardiyovask&uuml;ler Bak\u0131m alan\u0131na giren t&uuml;m konular\u0131n &uuml;zerinden ayr\u0131nt\u0131l\u0131 bir \u015fekilde ge&ccedil;ildi. G&uuml;ncel bilimsel tart\u0131\u015fmalar ile her konu tek tek tart\u0131\u015f\u0131ld\u0131 ve g&uuml;nl&uuml;k hayat\u0131m\u0131zda neler de\u011fi\u015fti, g&ouml;zden ge&ccedil;irmi\u015f olduk. Her ad\u0131m\u0131nda heyecan ya\u015fand\u0131\u011f\u0131 ve g&uuml;ncel sunumlarla bilgilerimizi yenileme \u015fans\u0131 bulduk.<\/p>\n<p>Sempozyum bu sene ilklere imza att\u0131. 4 istasyonlu OSCE-VIVA s\u0131nav\u0131 ve EKG yar\u0131\u015fmas\u0131 bunlardan baz\u0131lar\u0131yd\u0131.<\/p>\n<p>ACEP&rsquo;in ba\u015flatt\u0131\u011f\u0131 Wellness haftas\u0131n\u0131n kapsam\u0131nda sempozyumun sosyal program\u0131nda kat\u0131l\u0131mc\u0131lar\u0131mla, sa\u011fl\u0131kl\u0131 ya\u015fam i&ccedil;in pilates yapt\u0131k. Kat\u0131lan herkesten olumlu geri d&ouml;n&uuml;\u015fler ald\u0131k. Ayr\u0131ca bir&ccedil;ok acil t\u0131p uzman\u0131n\u0131n bu bran\u015f\u0131 se&ccedil;mesinde esin kayna\u011f\u0131 olan ER dizisinin bir b&ouml;l&uuml;m&uuml;n&uuml; beraber izleyip b&ouml;l&uuml;m&uuml;n g&uuml;nl&uuml;k prati\u011fimize olan yans\u0131malar\u0131n\u0131 tart\u0131\u015fma \u015fans\u0131 bulurken, e\u015f zamanl\u0131 olarak di\u011fer salonda kat\u0131l\u0131mc\u0131lar &ldquo;Olders &amp; Youngers&rdquo; ba\u015fl\u0131\u011f\u0131 alt\u0131nda sessiz sinema oynand\u0131.<\/p>\n<p>TATD bunu hep yap\u0131yor ve yapmaya devam edecek. Gelecek sene yap\u0131lacak olan sempozyuma \u015fimdiden hepinizi davet ediyoruz.<\/p>\n<p><img decoding=\"async\" alt=\"\" src=\"files\/images\/pdf.png\" style=\"border-style:solid; border-width:0px; float:left; height:20px; margin-left:5px; margin-right:5px; width:20px\" \/>IV. Yaz Sempozyumu bildiri kitap&ccedil;\u0131\u011f\u0131n\u0131 indirmek i&ccedil;in <a href=\"files\/files\/2016_TATD_4_Yaz_Sempozyumu_Bildiri_Kitabi.pdf\" target=\"_blank\">t\u0131klay\u0131n\u0131z<\/a>.<\/p>\n<p>Sayg\u0131lar\u0131m\u0131zla<\/p>\n<p><strong>T&uuml;rkiye Acil T\u0131p Derne\u011fi<\/strong><br \/>\nY&ouml;netim Kurulu<\/p>\n<div class=\"pcrstb-wrap\"><table border=\"0\" cellpadding=\"0\" cellspacing=\"0\">\n<tbody>\n<tr>\n<td><img decoding=\"async\" alt=\"\" src=\"files\/images\/yaz_sempozymu_poster_son.jpg\" style=\"height:643px; width:450px\" \/><\/td>\n<td style=\"text-align:center\"><img decoding=\"async\" alt=\"\" src=\"files\/images\/4YazSempozyum_Poster.jpg\" style=\"height:643px; width:450px\" \/><\/td>\n<\/tr>\n<\/tbody>\n<\/table><\/div>\n","protected":false},"excerpt":{"rendered":"<p>TATD IV. Yaz Sempozyum: Kardiyovask&uuml;ler Aciller, 06-08 May\u0131s 2016 tarihleri aras\u0131nda Antalya&rsquo;da Sherwood Breezes Resort Otel Kongre Merkezi&rsquo;nde ger&ccedil;ekle\u015fti. Uzmanl\u0131k e\u011fitimi verilen &ccedil;ok say\u0131da acil t\u0131p klini\u011finden toplam 33 Konu\u015fmac\u0131,&hellip;<\/p>\n","protected":false},"author":1,"featured_media":0,"comment_status":"open","ping_status":"closed","sticky":false,"template":"","format":"standard","meta":{"_acf_changed":false,"inline_featured_image":false,"_lmt_disableupdate":"","_lmt_disable":"","footnotes":""},"categories":[10011],"tags":[],"class_list":["post-25333","post","type-post","status-publish","format-standard","hentry","category-haber-ve-duyuru"],"acf":[],"_links":{"self":[{"href":"https:\/\/tatd.org.tr\/en\/wp-json\/wp\/v2\/posts\/25333","targetHints":{"allow":["GET"]}}],"collection":[{"href":"https:\/\/tatd.org.tr\/en\/wp-json\/wp\/v2\/posts"}],"about":[{"href":"https:\/\/tatd.org.tr\/en\/wp-json\/wp\/v2\/types\/post"}],"author":[{"embeddable":true,"href":"https:\/\/tatd.org.tr\/en\/wp-json\/wp\/v2\/users\/1"}],"replies":[{"embeddable":true,"href":"https:\/\/tatd.org.tr\/en\/wp-json\/wp\/v2\/comments?post=25333"}],"version-history":[{"count":0,"href":"https:\/\/tatd.org.tr\/en\/wp-json\/wp\/v2\/posts\/25333\/revisions"}],"wp:attachment":[{"href":"https:\/\/tatd.org.tr\/en\/wp-json\/wp\/v2\/media?parent=25333"}],"wp:term":[{"taxonomy":"category","embeddable":true,"href":"https:\/\/tatd.org.tr\/en\/wp-json\/wp\/v2\/categories?post=25333"},{"taxonomy":"post_tag","embeddable":true,"href":"https:\/\/tatd.org.tr\/en\/wp-json\/wp\/v2\/tags?post=25333"}],"curies":[{"name":"wp","href":"https:\/\/api.w.org\/{rel}","templated":true}]}}