{"id":25332,"date":"2016-05-17T00:00:00","date_gmt":"2016-05-16T21:00:00","guid":{"rendered":"https:\/\/tatd.org.tr\/blog\/2016\/05\/17\/travma-yonetimi-kurslari\/"},"modified":"2021-11-20T03:04:06","modified_gmt":"2021-11-20T00:04:06","slug":"travma-yonetimi-kurslari","status":"publish","type":"post","link":"https:\/\/tatd.org.tr\/en\/haber-ve-duyuru\/travma-yonetimi-kurslari\/","title":{"rendered":"Travma Y\u00f6netimi Kurslar\u0131"},"content":{"rendered":"<p>De\u011ferli Acil T\u0131p Camias\u0131,<\/p>\n<p>T&uuml;rkiye Acil T\u0131p Derne\u011fi&#39;nin yo\u011fun bir \u015fekilde devam etmekte olan MSEK etkinlikleri kapsam\u0131nda 2016 y\u0131l\u0131 i&ccedil;inde yeni ba\u015flayan <strong>&nbsp;&ldquo;Travma Y&ouml;netimi Kursu&rdquo; <\/strong>gerek teorik gerekse pratik i&ccedil;eri\u011fiyle&nbsp;kapsaml\u0131 ve g&uuml;ncel bilgilerle donat\u0131lm\u0131\u015f bir kurstur. Travmal\u0131 hastada t&uuml;m &ldquo;Bilgisayarl\u0131 Tomografi&rdquo; g&ouml;r&uuml;nt&uuml;lerinin de\u011ferlendirildi\u011fi pratiklerin yer ald\u0131\u011f\u0131 ve kadavra &uuml;zerinde &ldquo;T&uuml;p Torakostomi&rdquo; uygulamalar\u0131n\u0131n yap\u0131ld\u0131\u011f\u0131 kurs, TATD &uuml;yelerine &uuml;cretsiz olarak ilk kez 24-26 \u015eubat tarihleri aras\u0131nda Dokuz Eyl&uuml;l &Uuml;niversitesi Acil T\u0131p AD&#39;de ger&ccedil;ekle\u015ftirilmi\u015f ve yo\u011fun bir ilgi g&ouml;rm&uuml;\u015ft&uuml;r. Ard\u0131ndan 27-29 Nisan 2016 tarihlerinde Marmara &Uuml;niversitesi T\u0131p Fak&uuml;ltesi Acil T\u0131p AD&rsquo;n\u0131n ev sahipli\u011finde \u0130stanbul&rsquo;da 2. kez d&uuml;zenlenen kursun 2016 y\u0131l\u0131 i&ccedil;inde 28-30 Eyl&uuml;l tarihlerinde Ankara&rsquo;da ve 21-23 Aral\u0131k tarihlerinde ise \u0130zmir&rsquo;de tekrar\u0131 yap\u0131lacak ve b&ouml;ylece gelenekselle\u015fen kurslar kervan\u0131m\u0131zda yerini alm\u0131\u015f olacakt\u0131r.<\/p>\n<p>\u0130lginiz i&ccedil;in te\u015fekk&uuml;r ederiz.<\/p>\n<p>Sayg\u0131lar\u0131m\u0131zla,<\/p>\n<p><strong>TATD Y&ouml;netim Kurulu<\/strong><\/p>\n<p><strong>TRAVMA Y&Ouml;NET\u0130M\u0130 KURS PROGRAMI<\/strong><\/p>\n<div class=\"pcrstb-wrap\"><table class=\"table table-striped\">\n<tbody>\n<tr>\n<td colspan=\"2\" style=\"background-color:rgb(51, 153, 51)\">\n<p style=\"text-align:center\"><span style=\"color:#FFFFFF\"><strong>1. g&uuml;n<\/strong><\/span><\/p>\n<\/td>\n<\/tr>\n<tr>\n<td>\n<p>09:00- 09:10<\/p>\n<\/td>\n<td>\n<p><strong>A&ccedil;\u0131l\u0131\u015f ve kurstan beklentiler<\/strong><\/p>\n<\/td>\n<\/tr>\n<tr>\n<td>\n<p>09:10- 09:40<\/p>\n<\/td>\n<td>\n<p><strong>&Ccedil;oklu Travmaya Genel Bak\u0131\u015f<\/strong><\/p>\n<\/td>\n<\/tr>\n<tr>\n<td>\n<p>10:00- 10:40<\/p>\n<\/td>\n<td>\n<p><strong>Travmal\u0131 Hastada Birincil ve \u0130kinci Bak\u0131<\/strong><\/p>\n<\/td>\n<\/tr>\n<tr>\n<td>\n<p>11:00- 11:40<\/p>\n<\/td>\n<td>\n<p><strong>Travmada Hipoperf&uuml;zyonun Tan\u0131nmas\u0131 ve Nedenleri<\/strong><\/p>\n<\/td>\n<\/tr>\n<tr>\n<td>\n<p>13:30- 14:10<\/p>\n<\/td>\n<td>\n<p><strong>Hemorajik \u015eoktaki Hastan\u0131n Y&ouml;netimi<\/strong><\/p>\n<\/td>\n<\/tr>\n<tr>\n<td>\n<p>14:30- 15:10<\/p>\n<\/td>\n<td>\n<p><strong>Travmada Ultrasonografi Kullan\u0131m\u0131<\/strong><\/p>\n<\/td>\n<\/tr>\n<tr>\n<td>\n<p>15:30- 17:00<\/p>\n<\/td>\n<td>\n<p><strong>Travmada BT G&ouml;r&uuml;nt&uuml;leme Y&ouml;ntemleri<\/strong>&#8211; &ldquo;<strong><em>Beyin ve vertebra&rdquo;<\/em><\/strong><\/p>\n<p><em>Pratik uygulama: 3 grup<\/em><\/p>\n<\/td>\n<\/tr>\n<tr>\n<td>\n<p>17:30- 18:00<\/p>\n<\/td>\n<td><strong>Geri bildirim: Ne &ouml;\u011frendik?<\/strong><\/p>\n<p>&nbsp;<\/p>\n<\/td>\n<\/tr>\n<tr>\n<td colspan=\"2\" style=\"background-color:rgb(51, 153, 51)\">\n<p style=\"text-align:center\"><span style=\"color:#FFFFFF\"><strong>2. g&uuml;n<\/strong><\/span><\/p>\n<\/td>\n<\/tr>\n<tr>\n<td>\n<p>09:00- 09:40<\/p>\n<\/td>\n<td>\n<p><strong>Toraks Travmas\u0131n\u0131n Y&ouml;netimi<\/strong><\/p>\n<\/td>\n<\/tr>\n<tr>\n<td>\n<p>09:10- 10:40<\/p>\n<\/td>\n<td>\n<p><strong>Pelvik Travman\u0131n Y&ouml;netimi<\/strong><\/p>\n<\/td>\n<\/tr>\n<tr>\n<td>\n<p>11:00- 11:40<\/p>\n<\/td>\n<td>\n<p><strong>Abdominal Travman\u0131n Y&ouml;netimi<\/strong><\/p>\n<\/td>\n<\/tr>\n<tr>\n<td>\n<p>13:30- 14:10<\/p>\n<\/td>\n<td>\n<p><strong>Kafa Travmas\u0131n\u0131n Y&ouml;netimi<\/strong><\/p>\n<\/td>\n<\/tr>\n<tr>\n<td>\n<p>14:30- 16:00<\/p>\n<\/td>\n<td>\n<p><strong>Travmada BT G&ouml;r&uuml;nt&uuml;leme Y&ouml;ntemleri<\/strong>&#8211; &ldquo;<strong><em>Toraks ve Abdomen&rdquo;<\/em><\/strong><\/p>\n<p><em>Pratik uygulama: 3 grup<\/em><\/p>\n<\/td>\n<\/tr>\n<tr>\n<td>\n<p>16:30- 17:10<\/p>\n<\/td>\n<td>\n<p><strong>Ekstremite Travmalar\u0131na Y&ouml;netimi<\/strong><\/p>\n<\/td>\n<\/tr>\n<tr>\n<td>\n<p>17:30<\/p>\n<\/td>\n<td>\n<p><strong>Geri bildirim: Ne &ouml;\u011frendik?<\/strong><\/p>\n<\/td>\n<\/tr>\n<tr>\n<td colspan=\"2\" style=\"background-color:rgb(51, 153, 51)\">\n<p style=\"text-align:center\"><span style=\"color:#FFFFFF\"><strong>3. g&uuml;n <\/strong><\/span><\/p>\n<\/td>\n<\/tr>\n<tr>\n<td>\n<p>09:00- 09:40<\/p>\n<\/td>\n<td>\n<p><strong>Maksillofasiyal Yaralanmalar<\/strong><\/p>\n<\/td>\n<\/tr>\n<tr>\n<td>\n<p>09:10- 10:40<\/p>\n<\/td>\n<td>\n<p><strong>Omurga Yaralanmalar\u0131n\u0131n Y&ouml;netimi<\/strong><\/p>\n<\/td>\n<\/tr>\n<tr>\n<td>\n<p>11:00- 11:40<\/p>\n<\/td>\n<td>\n<p><strong>T&uuml;p Torakostomi Uygulamas\u0131<\/strong><\/p>\n<p><em>(Kadavra Laboratuvar\u0131)<\/em><\/p>\n<\/td>\n<\/tr>\n<tr>\n<td>\n<p>13:30- 14:15<\/p>\n<\/td>\n<td>\n<p><strong>&Ouml;zel Durumlarda Travmal\u0131 Hasta Y&ouml;netimi<\/strong><\/p>\n<\/td>\n<\/tr>\n<tr>\n<td>\n<p>14:30- 17:00<\/p>\n<\/td>\n<td>\n<p><strong>Olgu &Ouml;rnekleriyle Travmal\u0131 Hastaya Yakla\u015f\u0131m<\/strong><\/p>\n<p><em>ATLS senaryolar\u0131<\/em><\/p>\n<p><em>Olgu &ouml;rnekleri ile tan\u0131 ve tedavi s&uuml;re&ccedil;lerinin planlanmas\u0131<\/em><\/p>\n<\/td>\n<\/tr>\n<tr>\n<td>\n<p>17:30<\/p>\n<\/td>\n<td>\n<p><strong>Kapan\u0131\u015f<\/strong><\/p>\n<\/td>\n<\/tr>\n<\/tbody>\n<\/table><\/div>\n<p style=\"text-align:center\"><img decoding=\"async\" alt=\"\" src=\"files\/images\/travma_kurs.jpg\" style=\"height:838px; width:600px\" \/><\/p>\n","protected":false},"excerpt":{"rendered":"<p>De\u011ferli Acil T\u0131p Camias\u0131, T&uuml;rkiye Acil T\u0131p Derne\u011fi&#39;nin yo\u011fun bir \u015fekilde devam etmekte olan MSEK etkinlikleri kapsam\u0131nda 2016 y\u0131l\u0131 i&ccedil;inde yeni ba\u015flayan &nbsp;&ldquo;Travma Y&ouml;netimi Kursu&rdquo; gerek teorik gerekse pratik i&ccedil;eri\u011fiyle&nbsp;kapsaml\u0131&hellip;<\/p>\n","protected":false},"author":1,"featured_media":0,"comment_status":"open","ping_status":"closed","sticky":false,"template":"","format":"standard","meta":{"_acf_changed":false,"inline_featured_image":false,"_lmt_disableupdate":"","_lmt_disable":"","footnotes":""},"categories":[10011],"tags":[],"class_list":["post-25332","post","type-post","status-publish","format-standard","hentry","category-haber-ve-duyuru"],"acf":[],"_links":{"self":[{"href":"https:\/\/tatd.org.tr\/en\/wp-json\/wp\/v2\/posts\/25332","targetHints":{"allow":["GET"]}}],"collection":[{"href":"https:\/\/tatd.org.tr\/en\/wp-json\/wp\/v2\/posts"}],"about":[{"href":"https:\/\/tatd.org.tr\/en\/wp-json\/wp\/v2\/types\/post"}],"author":[{"embeddable":true,"href":"https:\/\/tatd.org.tr\/en\/wp-json\/wp\/v2\/users\/1"}],"replies":[{"embeddable":true,"href":"https:\/\/tatd.org.tr\/en\/wp-json\/wp\/v2\/comments?post=25332"}],"version-history":[{"count":0,"href":"https:\/\/tatd.org.tr\/en\/wp-json\/wp\/v2\/posts\/25332\/revisions"}],"wp:attachment":[{"href":"https:\/\/tatd.org.tr\/en\/wp-json\/wp\/v2\/media?parent=25332"}],"wp:term":[{"taxonomy":"category","embeddable":true,"href":"https:\/\/tatd.org.tr\/en\/wp-json\/wp\/v2\/categories?post=25332"},{"taxonomy":"post_tag","embeddable":true,"href":"https:\/\/tatd.org.tr\/en\/wp-json\/wp\/v2\/tags?post=25332"}],"curies":[{"name":"wp","href":"https:\/\/api.w.org\/{rel}","templated":true}]}}