{"id":25295,"date":"2013-01-13T00:00:00","date_gmt":"2013-01-12T21:00:00","guid":{"rendered":"https:\/\/tatd.org.tr\/blog\/2013\/01\/13\/turkiye-acil-tip-dernegi-akademi-uyeligi\/"},"modified":"2021-11-21T13:48:27","modified_gmt":"2021-11-21T10:48:27","slug":"turkiye-acil-tip-dernegi-akademi-uyeligi","status":"publish","type":"post","link":"https:\/\/tatd.org.tr\/en\/haber-ve-duyuru\/turkiye-acil-tip-dernegi-akademi-uyeligi\/","title":{"rendered":"T\u00fcrkiye Acil T\u0131p Derne\u011fi Akademi \u00dcyeli\u011fi"},"content":{"rendered":"<p><strong>T&uuml;rkiye Acil T\u0131p Derne\u011fi (TATD) Akademi &Uuml;yeli\u011fi (Fellow&#39;lu\u011fu)<\/strong>&nbsp;&uuml;yelerimizin Acil T\u0131bba olan hizmetlerini ve derne\u011fin ama&ccedil;lar\u0131na olan katk\u0131lar\u0131n\u0131 belirten bir &uuml;nvand\u0131r. Bu &uuml;nvan derne\u011fe ve Acil T\u0131bba &ouml;zellikli katk\u0131 sa\u011flayan uzmanlar\u0131 onurland\u0131rmak i&ccedil;in d&uuml;zenlenmi\u015ftir.<\/p>\n<p><strong><em>T&Uuml;RK\u0130YE AC\u0130L TIP DERNE\u011e\u0130 AKADEM\u0130 &Uuml;YEL\u0130\u011e\u0130 (FEMAT) KR\u0130TERLER\u0130<\/em><\/strong><br \/>\n<strong>FEMAT:<\/strong>&nbsp;Fellow of Emergency Medicine Association of Turkey<\/p>\n<p><strong>Zorunlu Kriterler:<\/strong><br \/>\n1. Acil T\u0131p Uzman\u0131 olmak ve en az 3 y\u0131l uzman klinisyen olarak g&ouml;rev yapm\u0131\u015f olmak<br \/>\n2. Ard\u0131\u015f\u0131k olarak son &uuml;&ccedil; y\u0131l boyunca TATD dernek &uuml;yesi olmak<br \/>\n3. Acil T\u0131p bran\u015f\u0131na ve t\u0131p mesle\u011fine g&ouml;lge d&uuml;\u015f&uuml;recek etik, deontolojik, adli herhangi bir olumsuz olaya kar\u0131\u015fmam\u0131\u015f olmak<\/p>\n<p><strong>A\u015fa\u011f\u0131daki kriterlerden 5&rsquo;i:<\/strong><br \/>\n1. Acil Servis y&ouml;netiminde ve idari i\u015flerinde g&ouml;rev yapmak (Acil T\u0131p Anabilim Dal\u0131 Ba\u015fkan\u0131, Acil T\u0131p Klini\u011fi E\u011fitim\/\u0130dari Sorumlusu)<br \/>\n2. TATD&#39;nin d&uuml;zenlemi\u015f oldu\u011fu bilimsel organizasyonlar d\u0131\u015f\u0131nda; Acil T\u0131p ile ilgili ulusal ve uluslararas\u0131 sa\u011fl\u0131k organizasyonlar\u0131nda aktif rol &uuml;stlenmek (y&ouml;netim kurulu &uuml;yeli\u011fi, komisyon ba\u015fkanl\u0131\u011f\u0131)<br \/>\n3. TATD tarihinde; y&ouml;netim kurulu &uuml;yeli\u011fi veya kongre ba\u015fkanl\u0131\u011f\u0131 \/ kongre genel sekreterli\u011fi veya TATD ad\u0131na yetkilendirilerek Uluslararas\u0131 Acil T\u0131p Kurumlar\u0131&#39;nda (IFEM, EuSEM) derne\u011fin temsilcili\u011fini yapm\u0131\u015f olmak<br \/>\n4. Son 3 y\u0131l i&ccedil;erisinde TATD komisyonlar\u0131nda aktif rol &uuml;stlenmek<br \/>\n5. TATD&#39;nin son 3 y\u0131l i&ccedil;erisinde d&uuml;zenlemi\u015f oldu\u011fu; kongre &ouml;ncesi ya da tek ba\u015f\u0131na yap\u0131lan kurslarda e\u011fitmen, sempozyum ve kongrelerinde konu\u015fmac\u0131\/moderat&ouml;r olarak g&ouml;rev alm\u0131\u015f olmak<br \/>\n6. Ba\u015fasistan, yard\u0131mc\u0131 do&ccedil;ent, do&ccedil;ent veya profes&ouml;r unvanlar\u0131ndan birine sahip olmak<br \/>\n7. TATD&#39;nin ulusal yay\u0131nlar\u0131nda ya da uluslararas\u0131 Acil T\u0131p yay\u0131nlar\u0131nda hakemlik, edit&ouml;r yard\u0131mc\u0131l\u0131\u011f\u0131, b&ouml;l&uuml;m edit&ouml;rl&uuml;\u011f&uuml;, edit&ouml;rl&uuml;k yapm\u0131\u015f olmak<\/p>\n<p><strong>&Uuml;nvan\u0131n Kullan\u0131m\u0131:<\/strong><br \/>\na. FEMAT unvan\u0131 TATD Y&ouml;netim Kurulu taraf\u0131ndan verilmesini takiben 5 y\u0131l ge&ccedil;erlidir, 5 y\u0131l\u0131n ard\u0131ndan y&ouml;netim kurulu taraf\u0131ndan tekrar de\u011ferlendirilir.<br \/>\nb. TATD dernek &uuml;yeli\u011finden &ccedil;\u0131kan ki\u015fi, FEMAT unvan\u0131n\u0131 kullanamaz.<br \/>\nc. Ba\u015fvurular bireysel olarak yap\u0131labilir, y&ouml;netim kurulu da bir ki\u015fiyi aday olarak g&ouml;sterebilir.<br \/>\nd. \u0130lgili unvan\u0131 alan ki\u015fi, unvan\u0131n\u0131 yurti&ccedil;i ve yurtd\u0131\u015f\u0131nda &ldquo;T&uuml;rkiye Acil T\u0131p Derne\u011fi Akademi &Uuml;yesi&rdquo; veya &ldquo;FEMAT&rdquo; olarak kullanabilir.<\/p>\n<p><em>(TATD Y&ouml;netim Kurulu&rsquo;nun 12 Ocak 2012 tarihli karar\u0131yla uygulamaya konulmu\u015ftur.)<\/em><\/p>\n<p><strong>TATD Y&ouml;netim Kurulu<\/strong><\/p>\n","protected":false},"excerpt":{"rendered":"<p>T&uuml;rkiye Acil T\u0131p Derne\u011fi (TATD) Akademi &Uuml;yeli\u011fi (Fellow&#39;lu\u011fu)&nbsp;&uuml;yelerimizin Acil T\u0131bba olan hizmetlerini ve derne\u011fin ama&ccedil;lar\u0131na olan katk\u0131lar\u0131n\u0131 belirten bir &uuml;nvand\u0131r. Bu &uuml;nvan derne\u011fe ve Acil T\u0131bba &ouml;zellikli katk\u0131 sa\u011flayan uzmanlar\u0131&hellip;<\/p>\n","protected":false},"author":1,"featured_media":0,"comment_status":"open","ping_status":"closed","sticky":false,"template":"","format":"standard","meta":{"_acf_changed":false,"inline_featured_image":false,"_lmt_disableupdate":"","_lmt_disable":"","footnotes":""},"categories":[10011,10014],"tags":[],"class_list":["post-25295","post","type-post","status-publish","format-standard","hentry","category-haber-ve-duyuru","category-akademik-blog-yazisi"],"acf":[],"_links":{"self":[{"href":"https:\/\/tatd.org.tr\/en\/wp-json\/wp\/v2\/posts\/25295","targetHints":{"allow":["GET"]}}],"collection":[{"href":"https:\/\/tatd.org.tr\/en\/wp-json\/wp\/v2\/posts"}],"about":[{"href":"https:\/\/tatd.org.tr\/en\/wp-json\/wp\/v2\/types\/post"}],"author":[{"embeddable":true,"href":"https:\/\/tatd.org.tr\/en\/wp-json\/wp\/v2\/users\/1"}],"replies":[{"embeddable":true,"href":"https:\/\/tatd.org.tr\/en\/wp-json\/wp\/v2\/comments?post=25295"}],"version-history":[{"count":0,"href":"https:\/\/tatd.org.tr\/en\/wp-json\/wp\/v2\/posts\/25295\/revisions"}],"wp:attachment":[{"href":"https:\/\/tatd.org.tr\/en\/wp-json\/wp\/v2\/media?parent=25295"}],"wp:term":[{"taxonomy":"category","embeddable":true,"href":"https:\/\/tatd.org.tr\/en\/wp-json\/wp\/v2\/categories?post=25295"},{"taxonomy":"post_tag","embeddable":true,"href":"https:\/\/tatd.org.tr\/en\/wp-json\/wp\/v2\/tags?post=25295"}],"curies":[{"name":"wp","href":"https:\/\/api.w.org\/{rel}","templated":true}]}}