{"id":25231,"date":"2014-01-24T00:00:00","date_gmt":"2014-01-23T21:00:00","guid":{"rendered":"https:\/\/tatd.org.tr\/blog\/2014\/01\/24\/ortak-yeterlik-kurulu\/"},"modified":"2021-11-20T03:03:44","modified_gmt":"2021-11-20T00:03:44","slug":"ortak-yeterlik-kurulu","status":"publish","type":"post","link":"https:\/\/tatd.org.tr\/en\/haber-ve-duyuru\/ortak-yeterlik-kurulu\/","title":{"rendered":"Ortak Yeterlik Kurulu"},"content":{"rendered":"<p style=\"text-align: center;\"><img decoding=\"async\" alt=\"\" src=\"files\/images\/2412014125925-Untitled2.png.jpg\" style=\"height:272px; width:677px\" \/><\/p>\n<p>De\u011ferli Meslekta\u015flar\u0131m\u0131z&nbsp;<\/p>\n<p>Acil T\u0131p uzmanl\u0131\u011f\u0131 alan\u0131ndaki Acil T\u0131p Yeterlik Kurulu 2004 y\u0131l\u0131nda T&uuml;rkiye Acil T\u0131p Derne\u011fi ( TATD ) taraf\u0131ndan kurulmu\u015f ve faaliyetlerine ba\u015flam\u0131\u015ft\u0131r. Acil T\u0131p Uzmanlar\u0131 Derne\u011fi ( ATUDER ) Yeterlik Kurulu 2007 y\u0131l\u0131nda kurulmu\u015f ve y&ouml;nergelerini T&uuml;rk Tabipleri Birli\u011fi Uzmanl\u0131k Dernekleri E\u015fg&uuml;d&uuml;m Kurulu Ulusal Yeterlik Kurulu&#39; na sunmu\u015flard\u0131r.<\/p>\n<p>Bir Uzmanl\u0131k alan\u0131nda tek bir yeterlik kurulu olmas\u0131 gerekti\u011finden TTB-UDEK-UYEK hekemli\u011finde 2008 y\u0131l\u0131nda yap\u0131lan toplant\u0131da al\u0131nan kararlar y&uuml;r&uuml;rl&uuml;\u011fe sokulamam\u0131\u015f ve faaliyetlere ara verilmi\u015ftir.&nbsp;<\/p>\n<p>Yeterlik Kurullar\u0131n\u0131n uzmanl\u0131k e\u011fitim kalitesinin artt\u0131r\u0131lmas\u0131 ve topluma sunulan sa\u011fl\u0131k hizmetlerininin iyile\u015ftirilmesindeki rol&uuml; dikkate al\u0131nd\u0131\u011f\u0131nda Acil T\u0131p Yeterlik Kurulu&#39; nun aktif hale gelmesi gerekmektedir.Bu ama&ccedil;la TATD Y&ouml;netim Kurulu &nbsp; &nbsp; ( YK ) 23 Aral\u0131k 2013 tarihinde ATUDER YK&#39; &nbsp;ya her iki dernek taraf\u0131ndan olu\u015fturlan ve &ouml;zerk yap\u0131da &ccedil;al\u0131\u015fan bir Yeterlik Kurulu olu\u015fturulmas\u0131 teklifini iletmi\u015f ve olumlu yan\u0131t alm\u0131\u015ft\u0131r.<\/p>\n<p>Sonu&ccedil; olarak,TATD ad\u0131na yetkilendirilen&nbsp;<strong>Do&ccedil;. Dr. Cem OKTAY, Do&ccedil;. Dr. Ahmet DEM\u0130RCAN&nbsp;<\/strong>ve<strong>&nbsp;&Ouml;\u011fr. G&ouml;r. B&uuml;lent ERB\u0130L<\/strong>&nbsp;ile ATUDER yeterlik Kurulu ve ATUDER YK temsilcileri, &ouml;zerk bir Acil T\u0131p Yeterlik Kurulu olu\u015fturulmas\u0131 i&ccedil;in 15 \u015eubat 2014 tarihinde Ankara&#39; da bir araya geleceklerdir.<\/p>\n<p>Bilgilerinize sunar\u0131z.<\/p>\n<p><strong>T&uuml;rkiye Acil T\u0131p Derne\u011fi<br \/>\nY&ouml;netim Kurulu&nbsp;<\/strong><\/p>\n","protected":false},"excerpt":{"rendered":"<p>De\u011ferli Meslekta\u015flar\u0131m\u0131z&nbsp; Acil T\u0131p uzmanl\u0131\u011f\u0131 alan\u0131ndaki Acil T\u0131p Yeterlik Kurulu 2004 y\u0131l\u0131nda T&uuml;rkiye Acil T\u0131p Derne\u011fi ( TATD ) taraf\u0131ndan kurulmu\u015f ve faaliyetlerine ba\u015flam\u0131\u015ft\u0131r. Acil T\u0131p Uzmanlar\u0131 Derne\u011fi ( ATUDER&hellip;<\/p>\n","protected":false},"author":1,"featured_media":0,"comment_status":"open","ping_status":"closed","sticky":false,"template":"","format":"standard","meta":{"_acf_changed":false,"inline_featured_image":false,"_lmt_disableupdate":"","_lmt_disable":"","footnotes":""},"categories":[10011],"tags":[],"class_list":["post-25231","post","type-post","status-publish","format-standard","hentry","category-haber-ve-duyuru"],"acf":[],"_links":{"self":[{"href":"https:\/\/tatd.org.tr\/en\/wp-json\/wp\/v2\/posts\/25231","targetHints":{"allow":["GET"]}}],"collection":[{"href":"https:\/\/tatd.org.tr\/en\/wp-json\/wp\/v2\/posts"}],"about":[{"href":"https:\/\/tatd.org.tr\/en\/wp-json\/wp\/v2\/types\/post"}],"author":[{"embeddable":true,"href":"https:\/\/tatd.org.tr\/en\/wp-json\/wp\/v2\/users\/1"}],"replies":[{"embeddable":true,"href":"https:\/\/tatd.org.tr\/en\/wp-json\/wp\/v2\/comments?post=25231"}],"version-history":[{"count":0,"href":"https:\/\/tatd.org.tr\/en\/wp-json\/wp\/v2\/posts\/25231\/revisions"}],"wp:attachment":[{"href":"https:\/\/tatd.org.tr\/en\/wp-json\/wp\/v2\/media?parent=25231"}],"wp:term":[{"taxonomy":"category","embeddable":true,"href":"https:\/\/tatd.org.tr\/en\/wp-json\/wp\/v2\/categories?post=25231"},{"taxonomy":"post_tag","embeddable":true,"href":"https:\/\/tatd.org.tr\/en\/wp-json\/wp\/v2\/tags?post=25231"}],"curies":[{"name":"wp","href":"https:\/\/api.w.org\/{rel}","templated":true}]}}