{"id":25219,"date":"2014-02-26T00:00:00","date_gmt":"2014-02-25T21:00:00","guid":{"rendered":"https:\/\/tatd.org.tr\/blog\/2014\/02\/26\/acil-tip-asistan-oryantasyon-egitimi-bursa\/"},"modified":"2021-11-24T23:35:37","modified_gmt":"2021-11-24T20:35:37","slug":"acil-tip-asistan-oryantasyon-egitimi-bursa","status":"publish","type":"post","link":"https:\/\/tatd.org.tr\/en\/etkinlik\/acil-tip-asistan-oryantasyon-egitimi-bursa\/","title":{"rendered":"AC\u0130L TIP AS\u0130STAN ORYANTASYON E\u011e\u0130T\u0130M\u0130 &#8211; BURSA"},"content":{"rendered":"<p style=\"text-align: center;\"><img decoding=\"async\" alt=\"\" src=\"files\/images\/272201423824-bursagece1.jpg\" \/><\/p>\n<p>De\u011ferli Grup &Uuml;yeleri,<\/p>\n<p><a href=\"tel:26-28 \/ 03 \/ 2014\">26-28 \/ 03 \/ 2014<\/a>&nbsp;tarihinde Bursa&#39; da Acil T\u0131p Asistan Oryantasyon E\u011fitimi d&uuml;zenlenecektir. 2 g&uuml;n teorik, 1&nbsp; pratik olarak d&uuml;zenlenecek olan e\u011fitimimiz<\/p>\n<p>Uluda\u011f &Uuml;niversitesi T\u0131p Fak&uuml;ltesi Mete Cengiz K&uuml;lt&uuml;r Merkezi&#39; nde d&uuml;zenlenecektir. \u0130lginize te\u015fekk&uuml;r ederiz. E\u011fitimimiz ile ilgili ileti\u015fim i&ccedil;in :<\/p>\n<p><strong>Do&ccedil;.Dr.&Ouml;zlem K&Ouml;KSAL&nbsp;<\/strong><\/p>\n<p>T&uuml;rkiye Acil T\u0131p Derne\u011fi<\/p>\n<p>Y&ouml;netim Kurulu &Uuml;yesi<\/p>\n<p>Uluda\u011f &Uuml;niversitesi T\u0131p Fak&uuml;ltesi<\/p>\n<p>Acil T\u0131p A.D. &Ouml;.&Uuml;.<\/p>\n<p>T :&nbsp;<a href=\"tel:532 587 61 37\">532 587 61 37<\/a><\/p>\n<p><strong>Uzm.Dr.&Ouml;zg&uuml;r &Ccedil;EVR\u0130M<\/strong><\/p>\n<p>T&uuml;rkiye Acil T\u0131p Derne\u011fi<\/p>\n<p>Y&ouml;netim Kurulu &Uuml;yesi<\/p>\n<p>\u015ei\u015fli Etfal EAH Acil T\u0131p Kl.<\/p>\n<p>T :&nbsp;<a href=\"tel:545 911 911 1\">545 911 911 1<\/a><\/p>\n<p>M :&nbsp;<a href=\"mailto:drozgurce@hotmail.com\">drozgurce@hotmail.com<\/a><\/p>\n<p>&nbsp;<\/p>\n<div class=\"pcrstb-wrap\"><table border=\"1\" cellpadding=\"0\" cellspacing=\"0\" style=\"width:619px\">\n<tbody>\n<tr>\n<td colspan=\"3\" style=\"height:25px; width:619px\">\n<p><strong>TATD-Bursa 2014 Acil T\u0131p Asistan Oryantasyon Kurs Program\u0131 26-28 Mart 2014<\/strong><\/p>\n<\/td>\n<\/tr>\n<tr>\n<td colspan=\"2\" style=\"height:25px; width:432px\">\n<p><strong>1. G&uuml;n&nbsp;&nbsp;&nbsp;&nbsp; 26.03.2014 &Ccedil;ar\u015famba Yer: U&Uuml;TF Mete Cengiz K&uuml;lt&uuml;r Merkezi<\/strong><\/p>\n<\/td>\n<td style=\"height:25px; width:187px\">\n<p><strong>E\u011fitimciler<\/strong><\/p>\n<\/td>\n<\/tr>\n<tr>\n<td style=\"height:42px; width:112px\">\n<p>09:00-09:40<\/p>\n<\/td>\n<td style=\"height:42px; width:320px\">\n<p>&nbsp;A&ccedil;\u0131l\u0131\u015f, &nbsp;T&uuml;rkiye ve D&uuml;nyada Acil T\u0131p<\/p>\n<\/td>\n<td style=\"height:42px; width:187px\">\n<p>Dr. &Ouml;zlem K&Ouml;KSAL<\/p>\n<\/td>\n<\/tr>\n<tr>\n<td style=\"height:21px; width:112px\">\n<p>09:40-10:20<\/p>\n<\/td>\n<td style=\"height:21px; width:320px\">\n<p>Temel Ya\u015fam Deste\u011fi<\/p>\n<\/td>\n<td style=\"height:21px; width:187px\">\n<p>Dr. &Ouml;zlem K&Ouml;KSAL<\/p>\n<\/td>\n<\/tr>\n<tr>\n<td style=\"height:21px; width:112px\">\n<p><strong>10:20-10:40<\/strong><\/p>\n<\/td>\n<td style=\"height:21px; width:320px\">\n<p><strong>ARA<\/strong><\/p>\n<\/td>\n<td style=\"height:21px; width:187px\">\n<p>&nbsp;<\/p>\n<\/td>\n<\/tr>\n<tr>\n<td style=\"height:21px; width:112px\">\n<p>10:40-11:20<\/p>\n<\/td>\n<td style=\"height:21px; width:320px\">\n<p>\u0130leri Hava Yolu A&ccedil;ma<\/p>\n<\/td>\n<td style=\"height:21px; width:187px\">\n<p>Dr. Fatma &Ouml;ZDEM\u0130R<\/p>\n<\/td>\n<\/tr>\n<tr>\n<td style=\"height:21px; width:112px\">\n<p>11:20-12:00<\/p>\n<\/td>\n<td style=\"height:21px; width:320px\">\n<p>\u0130leri Kardiyak Ya\u015fam Deste\u011fi<\/p>\n<\/td>\n<td style=\"height:21px; width:187px\">\n<p>Dr. Fatma &Ouml;ZDEM\u0130R<\/p>\n<\/td>\n<\/tr>\n<tr>\n<td style=\"height:21px; width:112px\">\n<p><strong>12:00-13:00<\/strong><\/p>\n<\/td>\n<td style=\"height:21px; width:320px\">\n<p><strong>&Ouml;\u011eLE YEME\u011e\u0130<\/strong><\/p>\n<\/td>\n<td style=\"height:21px; width:187px\">\n<p>&nbsp;<\/p>\n<\/td>\n<\/tr>\n<tr>\n<td style=\"height:21px; width:112px\">\n<p>13:00-13:40<\/p>\n<\/td>\n<td style=\"height:21px; width:320px\">\n<p>Bradikardik Hastaya Yakla\u015f\u0131m<\/p>\n<\/td>\n<td style=\"height:21px; width:187px\">\n<p>Dr. Taylan \u0130NAL<\/p>\n<\/td>\n<\/tr>\n<tr>\n<td style=\"height:24px; width:112px\">\n<p>13:40-14:20<\/p>\n<\/td>\n<td style=\"height:24px; width:320px\">\n<p>Ta\u015fikardik Hastaya Yakla\u015f\u0131m<\/p>\n<\/td>\n<td style=\"height:24px; width:187px\">\n<p>Dr. Taylan \u0130NAL<\/p>\n<\/td>\n<\/tr>\n<tr>\n<td style=\"height:21px; width:112px\">\n<p><strong>14:20-14:40<\/strong><\/p>\n<\/td>\n<td style=\"height:21px; width:320px\">\n<p><strong>ARA<\/strong><\/p>\n<\/td>\n<td style=\"height:21px; width:187px\">\n<p>&nbsp;<\/p>\n<\/td>\n<\/tr>\n<tr>\n<td style=\"height:21px; width:112px\">\n<p>14:40-15:10<\/p>\n<\/td>\n<td style=\"height:21px; width:320px\">\n<p>&nbsp;\u015eok hastas\u0131na yakla\u015f\u0131m<\/p>\n<\/td>\n<td style=\"height:21px; width:187px\">\n<p>Dr. Egemen KOCABA\u015e<\/p>\n<\/td>\n<\/tr>\n<tr>\n<td style=\"height:21px; width:112px\">\n<p>15:10-15:40<\/p>\n<\/td>\n<td style=\"height:21px; width:320px\">\n<p>Zehirlenmi\u015f Hastaya Yakla\u015f\u0131m<\/p>\n<\/td>\n<td style=\"height:21px; width:187px\">\n<p>Dr. Dilek DURMAZ<\/p>\n<\/td>\n<\/tr>\n<tr>\n<td style=\"height:21px; width:112px\">\n<p>15:40-16:10<\/p>\n<\/td>\n<td style=\"height:21px; width:320px\">\n<p>Nefes darl\u0131\u011f\u0131 olan hastaya yakla\u015f\u0131m<\/p>\n<\/td>\n<td style=\"height:21px; width:187px\">\n<p>Dr. Z&uuml;lfi ENG\u0130NDEN\u0130Z<\/p>\n<\/td>\n<\/tr>\n<tr>\n<td style=\"height:21px; width:112px\">\n<p>16:10-16:40<\/p>\n<\/td>\n<td style=\"height:21px; width:320px\">\n<p>KOAH alevlenme ve ast\u0131m atak<\/p>\n<\/td>\n<td style=\"height:21px; width:187px\">\n<p>Dr. Z&uuml;lfi ENG\u0130NDEN\u0130Z<\/p>\n<\/td>\n<\/tr>\n<tr>\n<td colspan=\"2\" style=\"height:21px; width:432px\">\n<p><strong>2. G&uuml;n&nbsp;&nbsp;&nbsp; 27.03.2014 Per\u015fembe Yer: U&Uuml;TF Mete Cengiz K&uuml;lt&uuml;r Merkezi<\/strong><\/p>\n<\/td>\n<td style=\"height:21px; width:187px\">\n<p>&nbsp;<\/p>\n<\/td>\n<\/tr>\n<tr>\n<td style=\"height:21px; width:112px\">\n<p>09:00-09:40<\/p>\n<\/td>\n<td style=\"height:21px; width:320px\">\n<p>Ba\u015f a\u011fr\u0131l\u0131 hastaya yakla\u015f\u0131m<\/p>\n<\/td>\n<td style=\"height:21px; width:187px\">\n<p>Dr. Suna Eraybar POZAM<\/p>\n<\/td>\n<\/tr>\n<tr>\n<td style=\"height:21px; width:112px\">\n<p>09:40-10:20<\/p>\n<\/td>\n<td style=\"height:21px; width:320px\">\n<p>Travma Hastas\u0131na Genel Yakla\u015f\u0131m&nbsp;<\/p>\n<\/td>\n<td style=\"height:21px; width:187px\">\n<p>Dr. Suna Eraybar POZAM<\/p>\n<\/td>\n<\/tr>\n<tr>\n<td style=\"height:21px; width:112px\">\n<p><strong>10:20-10:40<\/strong><\/p>\n<\/td>\n<td style=\"height:21px; width:320px\">\n<p><strong>ARA<\/strong><\/p>\n<\/td>\n<td style=\"height:21px; width:187px\">\n<p>&nbsp;<\/p>\n<\/td>\n<\/tr>\n<tr>\n<td style=\"height:21px; width:112px\">\n<p>10:40-11:20<\/p>\n<\/td>\n<td style=\"height:21px; width:320px\">\n<p>Bat\u0131n Travmalar\u0131<\/p>\n<\/td>\n<td style=\"height:21px; width:187px\">\n<p>Dr. G&uuml;lay TURANO\u011eLU<\/p>\n<\/td>\n<\/tr>\n<tr>\n<td style=\"height:21px; width:112px\">\n<p>11:20-12:00<\/p>\n<\/td>\n<td style=\"height:21px; width:320px\">\n<p>Toraks Travmalar\u0131<\/p>\n<\/td>\n<td style=\"height:21px; width:187px\">\n<p>Dr. F\u0131rat KAYNAK<\/p>\n<\/td>\n<\/tr>\n<tr>\n<td style=\"height:21px; width:112px\">\n<p><strong>12:00-13:00<\/strong><\/p>\n<\/td>\n<td style=\"height:21px; width:320px\">\n<p><strong>&Ouml;\u011eLE YEME\u011e\u0130<\/strong><\/p>\n<\/td>\n<td style=\"height:21px; width:187px\">\n<p>&nbsp;<\/p>\n<\/td>\n<\/tr>\n<tr>\n<td style=\"height:21px; width:112px\">\n<p>13:00-13:30<\/p>\n<\/td>\n<td style=\"height:21px; width:320px\">\n<p>Akut Miyokard \u0130nfarkt&uuml;s&uuml;<\/p>\n<\/td>\n<td style=\"height:21px; width:187px\">\n<p>Dr. Erhan AHUN<\/p>\n<\/td>\n<\/tr>\n<tr>\n<td style=\"height:21px; width:112px\">\n<p>13:30-14:00<\/p>\n<\/td>\n<td style=\"height:21px; width:320px\">\n<p>Anstabil Angina Pektoris<\/p>\n<\/td>\n<td style=\"height:21px; width:187px\">\n<p>Dr. Erhan AHUN<\/p>\n<\/td>\n<\/tr>\n<tr>\n<td style=\"height:21px; width:112px\">\n<p><strong>14:00-14:20<\/strong><\/p>\n<\/td>\n<td style=\"height:21px; width:320px\">\n<p><strong>ARA<\/strong><\/p>\n<\/td>\n<td style=\"height:21px; width:187px\">\n<p>&nbsp;<\/p>\n<\/td>\n<\/tr>\n<tr>\n<td style=\"height:21px; width:112px\">\n<p>14:20-14:50<\/p>\n<\/td>\n<td style=\"height:21px; width:320px\">\n<p>Hipertansif hastaya yakla\u015f\u0131m<\/p>\n<\/td>\n<td style=\"height:21px; width:187px\">\n<p>Dr. Esra AKKAYA<\/p>\n<\/td>\n<\/tr>\n<tr>\n<td style=\"height:21px; width:112px\">\n<p>14:50-15:20<\/p>\n<\/td>\n<td style=\"height:21px; width:320px\">\n<p>\u0130skemik \u0130nme<\/p>\n<\/td>\n<td style=\"height:21px; width:187px\">\n<p>Dr. Esra AKKAYA<\/p>\n<\/td>\n<\/tr>\n<tr>\n<td style=\"height:28px; width:112px\">\n<p>15:20-15:50<\/p>\n<\/td>\n<td style=\"height:28px; width:320px\">\n<p>Ba\u015f d&ouml;nmesi olan hastaya yakla\u015f\u0131m<\/p>\n<\/td>\n<td style=\"height:28px; width:187px\">\n<p>Dr. Arif Kadri BALCI<\/p>\n<\/td>\n<\/tr>\n<tr>\n<td style=\"height:25px; width:112px\">\n<p>15:50-16:20<\/p>\n<\/td>\n<td style=\"height:25px; width:320px\">\n<p>Pulmoner Emboli<\/p>\n<\/td>\n<td style=\"height:25px; width:187px\">\n<p>Dr. Meral Leman &Ouml;ZKAN<\/p>\n<\/td>\n<\/tr>\n<tr>\n<td style=\"height:21px; width:112px\">\n<p>16:20-16:50<\/p>\n<\/td>\n<td style=\"height:21px; width:320px\">\n<p>Hiperglisemik hastaya yakla\u015f\u0131m ve DKA<\/p>\n<\/td>\n<td style=\"height:21px; width:187px\">\n<p>Dr. Meral Leman &Ouml;ZKAN<\/p>\n<\/td>\n<\/tr>\n<tr>\n<td colspan=\"2\" style=\"height:21px; width:432px\">\n<p><strong>3. G&uuml;n&nbsp;&nbsp;&nbsp; 28.03.2014 Cuma Yer: \u0130l Sa\u011fl\u0131k M&uuml;d&uuml;rl&uuml;\u011f&uuml;&nbsp;<\/strong><\/p>\n<\/td>\n<td style=\"height:21px; width:187px\">\n<p>&nbsp;<\/p>\n<\/td>\n<\/tr>\n<tr>\n<td style=\"height:21px; width:112px\">\n<p>09.00:12:30<\/p>\n<\/td>\n<td style=\"height:21px; width:320px\">\n<p>TYD-\u0130KYD-Havayolu pratik uygulamalar\u0131<\/p>\n<\/td>\n<td style=\"height:21px; width:187px\">\n<p>Dr. &Ouml;zlem K&Ouml;KSAL, Dr. Tarkan K&Uuml;FEC\u0130LER, Dr. Mustafa TURAN, Dr. Erhan AHUN<\/p>\n<\/td>\n<\/tr>\n<tr>\n<td style=\"height:21px; width:112px\">\n<p>13:30-16:30<\/p>\n<\/td>\n<td style=\"height:21px; width:320px\">\n<p>TYD-\u0130KYD-Havayolu pratik uygulamalar\u0131<\/p>\n<\/td>\n<td style=\"height:21px; width:187px\">\n<p>Dr. &Ouml;zlem K&Ouml;KSAL, Dr. Tarkan K&Uuml;FEC\u0130LER, Dr. Mustafa TURAN, Dr. Erhan AHUN<\/p>\n<\/td>\n<\/tr>\n<tr>\n<td style=\"height:21px; width:112px\">\n<p>16:30-17:00<\/p>\n<\/td>\n<td style=\"height:21px; width:320px\">\n<p>Kapan\u0131\u015f ve De\u011ferlendirme<\/p>\n<\/td>\n<td style=\"height:21px; width:187px\">\n<p>&nbsp;Dr. &Ouml;zlem K&Ouml;KSAL<\/p>\n<\/td>\n<\/tr>\n<\/tbody>\n<\/table><\/div>\n","protected":false},"excerpt":{"rendered":"<p>De\u011ferli Grup &Uuml;yeleri, 26-28 \/ 03 \/ 2014&nbsp;tarihinde Bursa&#39; da Acil T\u0131p Asistan Oryantasyon E\u011fitimi d&uuml;zenlenecektir. 2 g&uuml;n teorik, 1&nbsp; pratik olarak d&uuml;zenlenecek olan e\u011fitimimiz Uluda\u011f &Uuml;niversitesi T\u0131p Fak&uuml;ltesi Mete&hellip;<\/p>\n","protected":false},"author":1,"featured_media":0,"comment_status":"open","ping_status":"closed","sticky":false,"template":"","format":"standard","meta":{"_acf_changed":false,"inline_featured_image":false,"_lmt_disableupdate":"","_lmt_disable":"","footnotes":""},"categories":[10012],"tags":[],"class_list":["post-25219","post","type-post","status-publish","format-standard","hentry","category-etkinlik"],"acf":[],"_links":{"self":[{"href":"https:\/\/tatd.org.tr\/en\/wp-json\/wp\/v2\/posts\/25219","targetHints":{"allow":["GET"]}}],"collection":[{"href":"https:\/\/tatd.org.tr\/en\/wp-json\/wp\/v2\/posts"}],"about":[{"href":"https:\/\/tatd.org.tr\/en\/wp-json\/wp\/v2\/types\/post"}],"author":[{"embeddable":true,"href":"https:\/\/tatd.org.tr\/en\/wp-json\/wp\/v2\/users\/1"}],"replies":[{"embeddable":true,"href":"https:\/\/tatd.org.tr\/en\/wp-json\/wp\/v2\/comments?post=25219"}],"version-history":[{"count":0,"href":"https:\/\/tatd.org.tr\/en\/wp-json\/wp\/v2\/posts\/25219\/revisions"}],"wp:attachment":[{"href":"https:\/\/tatd.org.tr\/en\/wp-json\/wp\/v2\/media?parent=25219"}],"wp:term":[{"taxonomy":"category","embeddable":true,"href":"https:\/\/tatd.org.tr\/en\/wp-json\/wp\/v2\/categories?post=25219"},{"taxonomy":"post_tag","embeddable":true,"href":"https:\/\/tatd.org.tr\/en\/wp-json\/wp\/v2\/tags?post=25219"}],"curies":[{"name":"wp","href":"https:\/\/api.w.org\/{rel}","templated":true}]}}