{"id":25178,"date":"2014-06-08T00:00:00","date_gmt":"2014-06-07T21:00:00","guid":{"rendered":"https:\/\/tatd.org.tr\/blog\/2014\/06\/08\/atas-2014-bitti\/"},"modified":"2021-11-20T03:03:32","modified_gmt":"2021-11-20T00:03:32","slug":"atas-2014-bitti","status":"publish","type":"post","link":"https:\/\/tatd.org.tr\/en\/haber-ve-duyuru\/atas-2014-bitti\/","title":{"rendered":"ATAS 2014 bitti"},"content":{"rendered":"<p>ATAS 2014 B\u0130TT\u0130&#8230;<\/p>\n<p>Asl\u0131nda zor olan bu biti\u015f, herkesin y&uuml;z&uuml;ndeki mutluluk ve g&uuml;ler y&uuml;z ile bir &ldquo;biti\u015f&rdquo; de\u011fildi&hellip;ger&ccedil;ek bir ba\u015far\u0131 hikayesiydi.<\/p>\n<p>IX. Acil T\u0131p Asistan Sempozyum&#39;unu (ATAS) 28 May\u0131s -1 Haziran tarihleri aras\u0131nda TATD ve Dokuz Eyl&uuml;l &Uuml;niversitesi Acil T\u0131p A.D. &ouml;nc&uuml;l&uuml;\u011f&uuml;nde Ege &Uuml;niversitesi Acil T\u0131p A.D., Tepecik EAH Acil T\u0131p Klini\u011fi, Bozyaka EAH Acil T\u0131p Klini\u011fi ve Atat&uuml;rk EAH Acil T\u0131p Klini\u011fi bir araya gelerek &ouml;nc&uuml;lerin \u015fehri \u0130zmir&rsquo;de ger&ccedil;ekle\u015ftirdik. T&uuml;m kliniklerden kat\u0131lan bizler&hellip;asistanlar son derece &ouml;nemli bir i\u015f ba\u015fard\u0131k.Yorulmam\u0131za de\u011fdi ve size eksiksiz bir sempozyum sunmaya &ccedil;al\u0131\u015ft\u0131k.Ba\u015fta Prof.Dr.J.Tintinalli olmak &uuml;zere EMRA,IFEM vs derneklerinin deste\u011fiyle h\u0131zl\u0131ca ilerledik.<\/p>\n<p>9 y\u0131ld\u0131r yap\u0131lan ATAS hi&ccedil; bu kadar kalabal\u0131k ve renkli olmam\u0131\u015ft\u0131. Zaten biz de bu maratonu ko\u015fmaya &ldquo;Herkes bir renk katacak&rdquo; slogan\u0131 ile ba\u015flam\u0131\u015ft\u0131k. Ger&ccedil;ekten de ben, sen, o ve hepimiz bir renk katt\u0131 kocaman bir g&ouml;kku\u015fa\u011f\u0131 ortaya &ccedil;\u0131kard\u0131k. Bunu bu sempozyumda bizleri yaln\u0131z b\u0131rakmayan kat\u0131l\u0131mc\u0131lar\u0131m\u0131z sa\u011flad\u0131.<\/p>\n<p>TATD YK Ba\u015fkan\u0131 Prof.Dr.Y\u0131ld\u0131ray &Ccedil;ETE &lsquo;nin a&ccedil;\u0131l\u0131\u015f konu\u015fmas\u0131 ile ba\u015flayan&nbsp; sempozyumda toplam 220 Acil T\u0131p asistan\u0131 ve uzman\u0131 vard\u0131. T&uuml;rkiye&rsquo;nin her klini\u011finden asistan ve uzmanlar\u0131n kat\u0131ld\u0131\u011f\u0131 ATAS 2014 her ayr\u0131nt\u0131s\u0131 ile heyecanl\u0131 ve e\u011fiticiydi.<\/p>\n<p>Yine sevindirici olan bir di\u011fer konu, Prof. Dr. William J. Brady&rsquo;nin ATAS 2014&rsquo;te bizler i&ccedil;in haz\u0131rlad\u0131\u011f\u0131 podcasti &nbsp;izleme \u015fans\u0131m\u0131z oldu. Kardiyak arrest y&ouml;netimi &uuml;zerine yeni ve de\u011fi\u015fen bilgileri hep beraber &ouml;\u011frendik.<\/p>\n<p>Evet bu sempozyumda herkesin ilk defa tan\u0131\u015ft\u0131\u011f\u0131 SonoWars ve Acil Oryantiring yar\u0131\u015fmalar\u0131 yap\u0131ld\u0131. Kliniklerin ya\u015fad\u0131klar\u0131 tecr&uuml;beleri ve oyunlardaki Acil T\u0131p bilgilerine hakimiyetleri g&ouml;r&uuml;lmeye de\u011ferdi.<\/p>\n<p>Bizler, gelece\u011fin Acil T\u0131p Uzmanlar\u0131, &nbsp;unutmama<a name=\"1465de9ca7c41e46_1465de2f7534777f__GoBack\"><\/a>m\u0131z gereken tek ayr\u0131nt\u0131 her y\u0131l d&uuml;zenlenen Acil T\u0131p Asistan Sempozyumunun ruhu sizler sayesinde ya\u015f\u0131yor ve gelecek nesillere kusursuz \u015fekilde aktar\u0131l\u0131yor.<\/p>\n<p>Bu sempozyuma aylard\u0131r emek harcayan onursal ba\u015fkanlar\u0131m\u0131z<strong>&nbsp;Prof.Dr.Ersin AKSAY<\/strong>&nbsp; ve&nbsp;&nbsp;<strong>Prof.Dr.Y\u0131ld\u0131ray &Ccedil;ETE&nbsp;<\/strong>,d&uuml;zenleme kurulu ve ba\u015fta bize liderlik yapan Yrd.Do&ccedil;.Dr. Ba\u015fak BAYRAM ile beraber bilimsel kurul &uuml;yelerine tek tek te\u015fekk&uuml;r ediyoruz. Ama as\u0131l te\u015fekk&uuml;r&uuml; sizlere, ger&ccedil;ekten sab\u0131rla sonuna kadar eksiksiz bu sempozyumu izleyen siz de\u011ferli kat\u0131l\u0131mc\u0131lara bir bor&ccedil; biliyoruz.<\/p>\n<p>&nbsp;<\/p>\n<p>T&uuml;rkiye Acil T\u0131p Derne\u011finin 20.y\u0131l\u0131nda 10. Acil T\u0131p Asistan Sempozyumuna ev sahipli\u011fi yapacak ye\u015fil ve g&uuml;zel Bursa&rsquo;da bulu\u015fmak ve g&ouml;r&uuml;\u015fmek &uuml;zere hepinize sayg\u0131lar\u0131m\u0131z\u0131 sunuyoruz&hellip;<\/p>\n<p><strong>Dr. Murat &Ccedil;ET\u0130N&nbsp;&nbsp;&nbsp;&nbsp;&nbsp;&nbsp;&nbsp;&nbsp;&nbsp;&nbsp;&nbsp;&nbsp;&nbsp;&nbsp;&nbsp;&nbsp;&nbsp;&nbsp;&nbsp;&nbsp;&nbsp;&nbsp;&nbsp;&nbsp;&nbsp;&nbsp;&nbsp;&nbsp;&nbsp;&nbsp;&nbsp;&nbsp;&nbsp;&nbsp;&nbsp;&nbsp;&nbsp;&nbsp;&nbsp;&nbsp;&nbsp;&nbsp;&nbsp;&nbsp;&nbsp;&nbsp;&nbsp;&nbsp;&nbsp;&nbsp;&nbsp;&nbsp;&nbsp;&nbsp;&nbsp;&nbsp;&nbsp;&nbsp;&nbsp;&nbsp;&nbsp;<\/strong>&nbsp; &nbsp; &nbsp; &nbsp; &nbsp; &nbsp; &nbsp; &nbsp; &nbsp; &nbsp; &nbsp;&nbsp;&nbsp;<strong>Dr. Serkan DO\u011eAN<\/strong><\/p>\n<p><img decoding=\"async\" alt=\"\" src=\"files\/images\/362014104550-atas.jpg\" style=\"height:617px; width:597px\" \/><\/p>\n","protected":false},"excerpt":{"rendered":"<p>ATAS 2014 B\u0130TT\u0130&#8230; Asl\u0131nda zor olan bu biti\u015f, herkesin y&uuml;z&uuml;ndeki mutluluk ve g&uuml;ler y&uuml;z ile bir &ldquo;biti\u015f&rdquo; de\u011fildi&hellip;ger&ccedil;ek bir ba\u015far\u0131 hikayesiydi. IX. Acil T\u0131p Asistan Sempozyum&#39;unu (ATAS) 28 May\u0131s -1&hellip;<\/p>\n","protected":false},"author":1,"featured_media":0,"comment_status":"open","ping_status":"closed","sticky":false,"template":"","format":"standard","meta":{"_acf_changed":false,"inline_featured_image":false,"_lmt_disableupdate":"","_lmt_disable":"","footnotes":""},"categories":[10011],"tags":[],"class_list":["post-25178","post","type-post","status-publish","format-standard","hentry","category-haber-ve-duyuru"],"acf":[],"_links":{"self":[{"href":"https:\/\/tatd.org.tr\/en\/wp-json\/wp\/v2\/posts\/25178","targetHints":{"allow":["GET"]}}],"collection":[{"href":"https:\/\/tatd.org.tr\/en\/wp-json\/wp\/v2\/posts"}],"about":[{"href":"https:\/\/tatd.org.tr\/en\/wp-json\/wp\/v2\/types\/post"}],"author":[{"embeddable":true,"href":"https:\/\/tatd.org.tr\/en\/wp-json\/wp\/v2\/users\/1"}],"replies":[{"embeddable":true,"href":"https:\/\/tatd.org.tr\/en\/wp-json\/wp\/v2\/comments?post=25178"}],"version-history":[{"count":0,"href":"https:\/\/tatd.org.tr\/en\/wp-json\/wp\/v2\/posts\/25178\/revisions"}],"wp:attachment":[{"href":"https:\/\/tatd.org.tr\/en\/wp-json\/wp\/v2\/media?parent=25178"}],"wp:term":[{"taxonomy":"category","embeddable":true,"href":"https:\/\/tatd.org.tr\/en\/wp-json\/wp\/v2\/categories?post=25178"},{"taxonomy":"post_tag","embeddable":true,"href":"https:\/\/tatd.org.tr\/en\/wp-json\/wp\/v2\/tags?post=25178"}],"curies":[{"name":"wp","href":"https:\/\/api.w.org\/{rel}","templated":true}]}}