{"id":25030,"date":"2015-10-31T00:00:00","date_gmt":"2015-10-30T21:00:00","guid":{"rendered":"https:\/\/tatd.org.tr\/blog\/2015\/10\/31\/yeni-docentlerimiz-kutlama\/"},"modified":"2021-11-24T21:45:26","modified_gmt":"2021-11-24T18:45:26","slug":"yeni-docentlerimiz-kutlama","status":"publish","type":"post","link":"https:\/\/tatd.org.tr\/en\/kutlama-ve-anma\/yeni-docentlerimiz-kutlama\/","title":{"rendered":"Yeni Do\u00e7entlerimiz &#8211; Kutlama"},"content":{"rendered":"<p style=\"text-align: center;\"><img decoding=\"async\" alt=\"\" src=\"files\/images\/31102015175717-Adsiz.png.jpg\" style=\"height:389px; width:660px\" \/><\/p>\n<p>De\u011ferli Acil T\u0131p G&ouml;n&uuml;ll&uuml;leri,&nbsp;<\/p>\n<p>Son bir haftada girdikleri s\u0131navlarda ba\u015far\u0131l\u0131 olarak Do&ccedil;entlik &uuml;nvan\u0131n\u0131 kullanmaya hak kazanan&nbsp;<strong>Say\u0131n Dr.Nurdan Erg&uuml;n Acar&#39;\u0131, Say\u0131n Dr.Nazire Belgin Ak\u0131ll\u0131&#39;y\u0131, Say\u0131n Dr.Serpil Yaylac\u0131&#39;y\u0131, Say\u0131n Dr. Engin &Ouml;zak\u0131n&#39;\u0131, Say\u0131n Dr. Nurettin &Ouml;zg&uuml;r Do\u011fan&#39;\u0131, Say\u0131n Ramazan K&ouml;yl&uuml;&#39;y&uuml;, Say\u0131n Dr.Fatih Esad Topal<\/strong>&#39;\u0131 yeni akademik kariyerlerinden dolay\u0131 tebrik eder, kendilerine ve &uuml;lkemize hay\u0131rl\u0131 olmas\u0131n\u0131 dileriz.&nbsp;<\/p>\n<p>T&uuml;rkiye Acil T\u0131p Derne\u011fi&nbsp;<\/p>\n<p>Y&ouml;netim Kurulu&nbsp;<\/p>\n","protected":false},"excerpt":{"rendered":"<p>De\u011ferli Acil T\u0131p G&ouml;n&uuml;ll&uuml;leri,&nbsp; Son bir haftada girdikleri s\u0131navlarda ba\u015far\u0131l\u0131 olarak Do&ccedil;entlik &uuml;nvan\u0131n\u0131 kullanmaya hak kazanan&nbsp;Say\u0131n Dr.Nurdan Erg&uuml;n Acar&#39;\u0131, Say\u0131n Dr.Nazire Belgin Ak\u0131ll\u0131&#39;y\u0131, Say\u0131n Dr.Serpil Yaylac\u0131&#39;y\u0131, Say\u0131n Dr. Engin &Ouml;zak\u0131n&#39;\u0131,&hellip;<\/p>\n","protected":false},"author":1,"featured_media":0,"comment_status":"open","ping_status":"closed","sticky":false,"template":"","format":"standard","meta":{"_acf_changed":false,"inline_featured_image":false,"_lmt_disableupdate":"","_lmt_disable":"","footnotes":""},"categories":[10013],"tags":[],"class_list":["post-25030","post","type-post","status-publish","format-standard","hentry","category-kutlama-ve-anma"],"acf":[],"_links":{"self":[{"href":"https:\/\/tatd.org.tr\/en\/wp-json\/wp\/v2\/posts\/25030","targetHints":{"allow":["GET"]}}],"collection":[{"href":"https:\/\/tatd.org.tr\/en\/wp-json\/wp\/v2\/posts"}],"about":[{"href":"https:\/\/tatd.org.tr\/en\/wp-json\/wp\/v2\/types\/post"}],"author":[{"embeddable":true,"href":"https:\/\/tatd.org.tr\/en\/wp-json\/wp\/v2\/users\/1"}],"replies":[{"embeddable":true,"href":"https:\/\/tatd.org.tr\/en\/wp-json\/wp\/v2\/comments?post=25030"}],"version-history":[{"count":0,"href":"https:\/\/tatd.org.tr\/en\/wp-json\/wp\/v2\/posts\/25030\/revisions"}],"wp:attachment":[{"href":"https:\/\/tatd.org.tr\/en\/wp-json\/wp\/v2\/media?parent=25030"}],"wp:term":[{"taxonomy":"category","embeddable":true,"href":"https:\/\/tatd.org.tr\/en\/wp-json\/wp\/v2\/categories?post=25030"},{"taxonomy":"post_tag","embeddable":true,"href":"https:\/\/tatd.org.tr\/en\/wp-json\/wp\/v2\/tags?post=25030"}],"curies":[{"name":"wp","href":"https:\/\/api.w.org\/{rel}","templated":true}]}}