{"id":25028,"date":"2015-11-03T00:00:00","date_gmt":"2015-11-02T21:00:00","guid":{"rendered":"https:\/\/tatd.org.tr\/blog\/2015\/11\/03\/bilim-ve-demokrasi-solenimiz-11-tatkon\/"},"modified":"2021-11-20T03:18:36","modified_gmt":"2021-11-20T00:18:36","slug":"bilim-ve-demokrasi-solenimiz-11-tatkon","status":"publish","type":"post","link":"https:\/\/tatd.org.tr\/en\/haber-ve-duyuru\/bilim-ve-demokrasi-solenimiz-11-tatkon\/","title":{"rendered":"Bilim ve Demokrasi \u015e\u00f6lenimiz: 11. TATKON"},"content":{"rendered":"<p>De\u011ferli Acil T\u0131p G&ouml;n&uuml;ll&uuml;leri&nbsp;<\/p>\n<p>T&uuml;rkiye Acil T\u0131p Derne\u011fi (TATD), olarak 11. Ulusal kongremiz olan TATKON&#39;u K\u0131br\u0131s Acapulco Otel&#39;de b&uuml;y&uuml;k bir bilimsel \u015f&ouml;len ile ger&ccedil;ekle\u015ftirdik. &Uuml;lkemizin 35 \u015fehrinden kat\u0131lan 85 hocam\u0131z\u0131n sunumlar\u0131n\u0131n b&uuml;y&uuml;k ilgi ile izlendi\u011fi panellerimizin, Uzman at\u0131\u015fmalar\u0131n\u0131n &ccedil;ok be\u011fenildi\u011fi kongremizde 3 salonun da dolululuk oranlar\u0131 mutluluk vericiydi. Her se&ccedil;imde oldu\u011fu gibi Derne\u011fimize yak\u0131\u015fan bir \u015fekilde gelenekselle\u015fmmi\u015f demokratik \u015f&ouml;len \u015feklinde &nbsp;se&ccedil;imimizi de ger&ccedil;ekle\u015ftirdi\u011fimiz Genel Kurulumuz, Y&ouml;netim Kurulumuza bir d&ouml;nem daha yetki verip bizleri onurland\u0131rm\u0131\u015ft\u0131r. 594 Acil T\u0131p G&ouml;n&uuml;ll&uuml;s&uuml;n&uuml; K\u0131br\u0131s&#39;da a\u011f\u0131rlamak bizler i&ccedil;in &ccedil;ok keyifli idi.<\/p>\n<p>Kongremizin son gecesinde Cumhuriyet&#39;imizin 92. y\u0131ld&ouml;n&uuml;m&uuml;n&uuml; de Gala gecemizde b&uuml;y&uuml;k bir co\u015fku ile kutlad\u0131k.Kongremize, se&ccedil;imimize, panellerimize g&ouml;sterdi\u011finiz b&uuml;y&uuml;k ilgiye tekrar te\u015fekk&uuml;r ederiz. Genel kurulumuza kat\u0131lan se&ccedil;menlerimizin oylar\u0131 ile \u015fekillenen T&uuml;rkiye Acil T\u0131p Derne\u011fi 12. Y&ouml;netim Kurulu \u015fu \u015fekilde tecelli etmi\u015ftir.&nbsp;<\/p>\n<p>1-<strong>Prof.Dr.Y\u0131ld\u0131ray &Ccedil;ete<\/strong>&nbsp;&#8211; Akdeniz &Uuml;n.T\u0131p Fak.Acil T\u0131p A.D.&Ouml;\u011f.&Uuml;y.<\/p>\n<p>2-<strong>Prof.Dr.Arzu Denizba\u015f\u0131<\/strong>&nbsp;&#8211; Marmara &Uuml;n.T\u0131p Fak. Acil T\u0131p A.D.B\u015fk. &nbsp;<\/p>\n<p>3<strong>-Prof.Dr.Ersin Aksay&nbsp;<\/strong>&#8211; 9 Eyl&uuml;l &Uuml;n.T\u0131p Fak. Acil T\u0131p A.D.B\u015fk, 9 Eyl&uuml;l T\u0131p Fak.&Uuml;n.Hast.Ba\u015fhekim Yrd.&nbsp;<\/p>\n<p>4<strong>-Do&ccedil;.Dr.Hakan Topa&ccedil;o\u011fl<\/strong>u &#8211; \u0130stanbul E\u011fitim ve Ar. Hast Acil T\u0131p Kl. \u015eefi, Haseki E\u011f.ve Ar. Hast. E\u011fitim Sorumlusu&nbsp;<\/p>\n<p>5-<strong>Do&ccedil;.Dr.Cem Oktay<\/strong>&nbsp;&nbsp;&#8211; Akdeniz &Uuml;n.T\u0131p Fak.Acil T\u0131p A.D.&Ouml;\u011f.&Uuml;y.<\/p>\n<p>6-<strong>Do&ccedil;.Dr.&Ouml;zlem K&ouml;ksal<\/strong>&nbsp;&#8211; Uluda\u011f &Uuml;n.T\u0131p Fak. Acil T\u0131p A.D.&Ouml;\u011f.&Uuml;y &nbsp;<\/p>\n<p>7-<strong>Do&ccedil;.Dr.B&uuml;lent Erbil<\/strong>&nbsp;&#8211; Hacettepe &Uuml;n. T\u0131p Fak. &Ouml;.&Uuml;.&nbsp;<\/p>\n<p>8-<strong>Do&ccedil;.Dr.M&uuml;ge G&uuml;nalp<\/strong>&nbsp;&#8211; Ankara &Uuml;n.T\u0131p Fak.Acil T\u0131p A.D.&Ouml;g.&Uuml;y.<\/p>\n<p>9<strong>.Yrd.Do&ccedil;.Dr.&Ouml;zcan Yava\u015fi<\/strong>&nbsp;&#8211; Recep Tayyip Erdo\u011fan &Uuml;niversitesi Acil T\u0131p A.D.&Ouml;\u011f.&Uuml;y.<\/p>\n<p>10-<strong>Uzm.Dr.&Ouml;zg&uuml;r &Ccedil;evrim<\/strong>&nbsp;&nbsp;&#8211; \u015ei\u015fli Hamidiye Etfal E\u011f. ve Ar. Hast. Acil T\u0131p Kl.&nbsp;<\/p>\n<p>11-<strong>Dr.Murat &Ccedil;etin<\/strong>&nbsp;&#8211; 9 Eyl&uuml;l &Uuml;n. T\u0131p Fak.Acil T\u0131p A.D., ATAB B\u015fk. &nbsp;&nbsp;<\/p>\n<p>Genel Kurul &Uuml;yelerimize g&ouml;sterdikleri tevecc&uuml;hden dolay\u0131 te\u015fekk&uuml;r ederiz.&nbsp;<\/p>\n<p><strong>T&uuml;rkiye Acil T\u0131p Derne\u011fi <\/strong><br \/>\nY&ouml;netim Kurulu &nbsp;<\/p>\n","protected":false},"excerpt":{"rendered":"<p>De\u011ferli Acil T\u0131p G&ouml;n&uuml;ll&uuml;leri&nbsp; T&uuml;rkiye Acil T\u0131p Derne\u011fi (TATD), olarak 11. Ulusal kongremiz olan TATKON&#39;u K\u0131br\u0131s Acapulco Otel&#39;de b&uuml;y&uuml;k bir bilimsel \u015f&ouml;len ile ger&ccedil;ekle\u015ftirdik. &Uuml;lkemizin 35 \u015fehrinden kat\u0131lan 85 hocam\u0131z\u0131n&hellip;<\/p>\n","protected":false},"author":1,"featured_media":0,"comment_status":"open","ping_status":"closed","sticky":false,"template":"","format":"standard","meta":{"_acf_changed":false,"inline_featured_image":false,"_lmt_disableupdate":"","_lmt_disable":"","footnotes":""},"categories":[10011],"tags":[],"class_list":["post-25028","post","type-post","status-publish","format-standard","hentry","category-haber-ve-duyuru"],"acf":[],"_links":{"self":[{"href":"https:\/\/tatd.org.tr\/en\/wp-json\/wp\/v2\/posts\/25028","targetHints":{"allow":["GET"]}}],"collection":[{"href":"https:\/\/tatd.org.tr\/en\/wp-json\/wp\/v2\/posts"}],"about":[{"href":"https:\/\/tatd.org.tr\/en\/wp-json\/wp\/v2\/types\/post"}],"author":[{"embeddable":true,"href":"https:\/\/tatd.org.tr\/en\/wp-json\/wp\/v2\/users\/1"}],"replies":[{"embeddable":true,"href":"https:\/\/tatd.org.tr\/en\/wp-json\/wp\/v2\/comments?post=25028"}],"version-history":[{"count":0,"href":"https:\/\/tatd.org.tr\/en\/wp-json\/wp\/v2\/posts\/25028\/revisions"}],"wp:attachment":[{"href":"https:\/\/tatd.org.tr\/en\/wp-json\/wp\/v2\/media?parent=25028"}],"wp:term":[{"taxonomy":"category","embeddable":true,"href":"https:\/\/tatd.org.tr\/en\/wp-json\/wp\/v2\/categories?post=25028"},{"taxonomy":"post_tag","embeddable":true,"href":"https:\/\/tatd.org.tr\/en\/wp-json\/wp\/v2\/tags?post=25028"}],"curies":[{"name":"wp","href":"https:\/\/api.w.org\/{rel}","templated":true}]}}