{"id":25017,"date":"2015-12-06T00:00:00","date_gmt":"2015-12-05T21:00:00","guid":{"rendered":"https:\/\/tatd.org.tr\/blog\/2015\/12\/06\/acil-serviste-kapnografi-egitimi-ankara\/"},"modified":"2021-11-20T03:18:28","modified_gmt":"2021-11-20T00:18:28","slug":"acil-serviste-kapnografi-egitimi-ankara","status":"publish","type":"post","link":"https:\/\/tatd.org.tr\/en\/haber-ve-duyuru\/acil-serviste-kapnografi-egitimi-ankara\/","title":{"rendered":"Acil Serviste Kapnografi E\u011fitimi &#8211; ANKARA"},"content":{"rendered":"<p>De\u011ferli Grup &Uuml;yeleri&nbsp;<\/p>\n<p>T&uuml;rkiye Acil T\u0131p Derne\u011fi \u0130leri Havayolu &Ccedil;al\u0131\u015fma Grubu, 27 Kas\u0131m 2015 tarihinde Crowne Plaza Ankara&#39; da Kapnografi E\u011fitimi vermi\u015ftir. Toplam 21 Acil T\u0131p Asistan ve Uzman\u0131m\u0131z\u0131n kursiyer olarak kat\u0131ld\u0131\u011f\u0131 e\u011fitimimize<strong>Prof.Dr.Murat Pekdemir ve Do&ccedil;.Dr.Orhan &Ccedil;\u0131nar<\/strong>&nbsp;e\u011fitmen olarak kat\u0131lm\u0131\u015flard\u0131r. \u0130leri Havayolu &Ccedil;al\u0131\u015fma Grubu e\u011fitmenlerimiz olan hocalar\u0131m\u0131za katk\u0131lar\u0131ndan ve emeklerinden, ilgilerinden dolay\u0131 kursiyerlerimize te\u015fekk&uuml;r ederiz.&nbsp;<\/p>\n<p><strong>T&uuml;rkiye Acil T\u0131p Derne\u011fi&nbsp;<\/strong><\/p>\n<p><strong>Y&ouml;netim Kurulu &nbsp;<\/strong><\/p>\n","protected":false},"excerpt":{"rendered":"<p>De\u011ferli Grup &Uuml;yeleri&nbsp; T&uuml;rkiye Acil T\u0131p Derne\u011fi \u0130leri Havayolu &Ccedil;al\u0131\u015fma Grubu, 27 Kas\u0131m 2015 tarihinde Crowne Plaza Ankara&#39; da Kapnografi E\u011fitimi vermi\u015ftir. Toplam 21 Acil T\u0131p Asistan ve Uzman\u0131m\u0131z\u0131n kursiyer&hellip;<\/p>\n","protected":false},"author":1,"featured_media":0,"comment_status":"open","ping_status":"closed","sticky":false,"template":"","format":"standard","meta":{"_acf_changed":false,"inline_featured_image":false,"_lmt_disableupdate":"","_lmt_disable":"","footnotes":""},"categories":[10011],"tags":[],"class_list":["post-25017","post","type-post","status-publish","format-standard","hentry","category-haber-ve-duyuru"],"acf":[],"_links":{"self":[{"href":"https:\/\/tatd.org.tr\/en\/wp-json\/wp\/v2\/posts\/25017","targetHints":{"allow":["GET"]}}],"collection":[{"href":"https:\/\/tatd.org.tr\/en\/wp-json\/wp\/v2\/posts"}],"about":[{"href":"https:\/\/tatd.org.tr\/en\/wp-json\/wp\/v2\/types\/post"}],"author":[{"embeddable":true,"href":"https:\/\/tatd.org.tr\/en\/wp-json\/wp\/v2\/users\/1"}],"replies":[{"embeddable":true,"href":"https:\/\/tatd.org.tr\/en\/wp-json\/wp\/v2\/comments?post=25017"}],"version-history":[{"count":0,"href":"https:\/\/tatd.org.tr\/en\/wp-json\/wp\/v2\/posts\/25017\/revisions"}],"wp:attachment":[{"href":"https:\/\/tatd.org.tr\/en\/wp-json\/wp\/v2\/media?parent=25017"}],"wp:term":[{"taxonomy":"category","embeddable":true,"href":"https:\/\/tatd.org.tr\/en\/wp-json\/wp\/v2\/categories?post=25017"},{"taxonomy":"post_tag","embeddable":true,"href":"https:\/\/tatd.org.tr\/en\/wp-json\/wp\/v2\/tags?post=25017"}],"curies":[{"name":"wp","href":"https:\/\/api.w.org\/{rel}","templated":true}]}}