{"id":25016,"date":"2015-12-07T00:00:00","date_gmt":"2015-12-06T21:00:00","guid":{"rendered":"https:\/\/tatd.org.tr\/blog\/2015\/12\/07\/avrupa-acil-tip-board-sinavi\/"},"modified":"2021-11-20T03:18:27","modified_gmt":"2021-11-20T00:18:27","slug":"avrupa-acil-tip-board-sinavi","status":"publish","type":"post","link":"https:\/\/tatd.org.tr\/en\/haber-ve-duyuru\/avrupa-acil-tip-board-sinavi\/","title":{"rendered":"Avrupa Acil T\u0131p Board S\u0131nav\u0131"},"content":{"rendered":"<p style=\"text-align: center;\"><img decoding=\"async\" alt=\"\" src=\"files\/images\/346_EuSEM.jpg\" style=\"height:164px; width:640px\" \/><\/p>\n<p>De\u011ferli Meslekta\u015flar\u0131m;<\/p>\n<p>K\u0131saca EUSEM olarak bildi\u011fimiz Avrupa Acil T\u0131p Birli\u011fi&#39;nin 2015 y\u0131l\u0131 k\u0131\u015f d&ouml;nemi Yeterlilik s\u0131nav\u0131n\u0131n pratik s\u0131nav\u0131 a\u015famas\u0131n\u0131 Antalya&#39;da ger&ccedil;ekle\u015ftirdik.S\u0131nav 01-05 Aral\u0131k 2015 tarihleri aras\u0131nda Akdeniz &Uuml;niversitesi&#39;nin kamp&uuml;s&uuml; i&ccedil;inde yap\u0131ld\u0131 ve 10 istasnyondan olu\u015fmu\u015f bir OSCE s\u0131nav\u0131 idi.Daha &ouml;nce yaz\u0131l\u0131 s\u0131nav\u0131 ge&ccedil;mi\u015f 55 aday s\u0131ras\u0131yla 3 g&uuml;n s\u0131nava dahil oldular.S\u0131nava daha &ouml;nceden e\u011fitimi alm\u0131\u015f ve s\u0131navlar\u0131 ge&ccedil;mi\u015f olarak T&uuml;rkiye&#39;den Prof.Dr.Arzu Denizba\u015f\u0131, Prof.Dr.Oktay Eray, Do&ccedil;.Dr.Cem Oktay ve Yrd.Do&ccedil;.Dr.R\u0131dvan Atilla s\u0131nav yap\u0131c\u0131 olarak kat\u0131ld\u0131k.Say\u0131n Do&ccedil;.Dr.Cem Oktay ayn\u0131 zamanda Avrupa Acil T\u0131p Yeterlilik S\u0131nav\u0131 Referans Grubu (EMERGE) &uuml;yesi olarak s\u0131nav\u0131n T&uuml;rkiye&#39;de d&uuml;zenlenmesini sa\u011flad\u0131.<\/p>\n<p>Hepimizin bildi\u011fi gibi yeterlilik s\u0131navlar\u0131 e\u011fitimde standardizasyon hedeflerine ula\u015f\u0131lmas\u0131n\u0131 denetleyen ve sivil meslek guruplar\u0131n\u0131n insiyatifinde s&uuml;rd&uuml;r&uuml;len organizasyonlard\u0131r.&Ouml;ncelikle meslek guruplar\u0131nda yeterlilik y&ouml;nergelerinin haz\u0131rlanmas\u0131 istenir.&Ccedil;ekirdek e\u011fitim programlar\u0131nda ve kurum akreditasyonlar\u0131nda istenen hedeflere ula\u015f\u0131ld\u0131ktan sonra bireylerin yeterli ve standart e\u011fitim al\u0131p almad\u0131klar\u0131n\u0131n s\u0131nanmas\u0131 temeline dayan\u0131r. Bu konuda tarih&ccedil;eyi merak edenler TTB sayfas\u0131ndaki tarihsel &nbsp;geli\u015fimi inceleyebilirler.T&uuml;rkiye&#39;de yeterlilik &ccedil;al\u0131\u015fmalar\u0131 TTB b&uuml;nyesindeki UDEK-UYEK arac\u0131l\u0131\u011f\u0131 ile ger&ccedil;ekle\u015fmektedir ve s\u0131nav sonucu al\u0131nan yeterlilik belgesinin&nbsp;<strong>UEMS (European Union of Medical Specialists)<\/strong>&nbsp;taraf\u0131ndan ge&ccedil;erli olmas\u0131 i&ccedil;in TTB UDEK- UYEK ile i\u015fbirli\u011fi i&ccedil;inde olmak gerekmektedir. &nbsp;Aksi takdirde &nbsp;ulusal yeterlilik s\u0131nav\u0131 anlam\u0131nda kabul g&ouml;rmemektedir.<\/p>\n<p>T&uuml;rkiye&#39;de direkt olarak EUSEM taraf\u0131ndan ve UEMS&#39;nin onaylad\u011f\u0131 bir board s\u0131nav\u0131n\u0131n t&uuml;m Avrupa&#39;da ge&ccedil;erli olaca\u011f\u0131n\u0131 hepimiz &ouml;ng&ouml;rebiliriz. Bu s\u0131navda t&uuml;m e\u011fiticilerin dikkatini &ccedil;eken &ouml;zellikle Orta Do\u011fu&#39;dan kat\u0131lan adaylar\u0131n ba\u015far\u0131s\u0131 oldu. Ama biz T&uuml;rkiye&#39; den &nbsp;hocalar olarak g&ouml;zlerimiz T&uuml;rk adaylar\u0131 da arad\u0131. S\u0131nav s\u0131ras\u0131nda bizleri sonsuz ho\u015fg&ouml;r&uuml; ile a\u011f\u0131rlayan ve Antalya&#39;da organizasyonu ger&ccedil;ekle\u015ftiren sevgili dostum Do&ccedil;.Dr.Cem Oktay&#39;a, ayr\u0131ca ev sahipli\u011fi i&ccedil;in Prof.Dr.Y\u0131ld\u0131ray &Ccedil;ete&#39;ye \u015fahs\u0131m ad\u0131na &ccedil;ok te\u015fekk&uuml;r ederim.T&uuml;rkiye&#39;den s\u0131nav ekibine kat\u0131lan ve simulasyonlarda rol alan gen&ccedil; T&uuml;rk Acil T\u0131p hekimlerinin de ba\u015far\u0131lar\u0131n\u0131n devam\u0131n\u0131 diliyorum.<\/p>\n<p>Prof.Dr.Arzu DEN\u0130ZBA\u015eI<\/p>\n<p>T&uuml;rkiye Acil T\u0131p Derne\u011fi<\/p>\n","protected":false},"excerpt":{"rendered":"<p>De\u011ferli Meslekta\u015flar\u0131m; K\u0131saca EUSEM olarak bildi\u011fimiz Avrupa Acil T\u0131p Birli\u011fi&#39;nin 2015 y\u0131l\u0131 k\u0131\u015f d&ouml;nemi Yeterlilik s\u0131nav\u0131n\u0131n pratik s\u0131nav\u0131 a\u015famas\u0131n\u0131 Antalya&#39;da ger&ccedil;ekle\u015ftirdik.S\u0131nav 01-05 Aral\u0131k 2015 tarihleri aras\u0131nda Akdeniz &Uuml;niversitesi&#39;nin kamp&uuml;s&uuml; i&ccedil;inde&hellip;<\/p>\n","protected":false},"author":1,"featured_media":0,"comment_status":"open","ping_status":"closed","sticky":false,"template":"","format":"standard","meta":{"_acf_changed":false,"inline_featured_image":false,"_lmt_disableupdate":"","_lmt_disable":"","footnotes":""},"categories":[10011],"tags":[],"class_list":["post-25016","post","type-post","status-publish","format-standard","hentry","category-haber-ve-duyuru"],"acf":[],"_links":{"self":[{"href":"https:\/\/tatd.org.tr\/en\/wp-json\/wp\/v2\/posts\/25016","targetHints":{"allow":["GET"]}}],"collection":[{"href":"https:\/\/tatd.org.tr\/en\/wp-json\/wp\/v2\/posts"}],"about":[{"href":"https:\/\/tatd.org.tr\/en\/wp-json\/wp\/v2\/types\/post"}],"author":[{"embeddable":true,"href":"https:\/\/tatd.org.tr\/en\/wp-json\/wp\/v2\/users\/1"}],"replies":[{"embeddable":true,"href":"https:\/\/tatd.org.tr\/en\/wp-json\/wp\/v2\/comments?post=25016"}],"version-history":[{"count":0,"href":"https:\/\/tatd.org.tr\/en\/wp-json\/wp\/v2\/posts\/25016\/revisions"}],"wp:attachment":[{"href":"https:\/\/tatd.org.tr\/en\/wp-json\/wp\/v2\/media?parent=25016"}],"wp:term":[{"taxonomy":"category","embeddable":true,"href":"https:\/\/tatd.org.tr\/en\/wp-json\/wp\/v2\/categories?post=25016"},{"taxonomy":"post_tag","embeddable":true,"href":"https:\/\/tatd.org.tr\/en\/wp-json\/wp\/v2\/tags?post=25016"}],"curies":[{"name":"wp","href":"https:\/\/api.w.org\/{rel}","templated":true}]}}