{"id":25015,"date":"2015-12-09T00:00:00","date_gmt":"2015-12-08T21:00:00","guid":{"rendered":"https:\/\/tatd.org.tr\/blog\/2015\/12\/09\/tatd-baskani-prof-dr-yildiray-cete-asem-president-elect-secilmistir\/"},"modified":"2021-11-24T21:41:16","modified_gmt":"2021-11-24T18:41:16","slug":"tatd-baskani-prof-dr-yildiray-cete-asem-president-elect-secilmistir","status":"publish","type":"post","link":"https:\/\/tatd.org.tr\/en\/kutlama-ve-anma\/tatd-baskani-prof-dr-yildiray-cete-asem-president-elect-secilmistir\/","title":{"rendered":"TATD Ba\u015fkan\u0131 Prof.Dr.Y\u0131ld\u0131ray \u00c7ETE ASEM President Elect se\u00e7ilmi\u015ftir."},"content":{"rendered":"<p>De\u011ferli Grup &Uuml;yeleri,&nbsp;<\/p>\n<p>&nbsp;<\/p>\n<p>Sizinle &ccedil;ok sevindirici ve gururland\u0131r\u0131c\u0131 bir haberimizi payla\u015fmak istiyoruz. T&uuml;rkiye Acil T\u0131p Derne\u011fi (TATD) Ba\u015fkan\u0131 Say\u0131n Prof.Dr.Y\u0131ld\u0131ray &Ccedil;ETE, Asian Society for Emergency Medicine (ACEM) 2015-2017 d&ouml;nemi i&ccedil;in President Elect se&ccedil;ilmi\u015ftir. Bu durumda 2017-2019 d&ouml;neminde President of Asian Society for Emergency Medicine g&ouml;revini de devralm\u0131\u015f bulunuyor.&nbsp;<\/p>\n<p>Ayn\u0131 zamanda Derne\u011fimizin iki d&ouml;nem Y&ouml;netim Kurulu &Uuml;yeli\u011fini yapm\u0131\u015f olan Say\u0131n Prof.Dr.Arif Alper &Ccedil;EV\u0130K&#39;de Asian Society for Emergency Medicine Assistant General Secretary olarak se&ccedil;ilmi\u015ftir. Ba\u015fkan\u0131m\u0131z Say\u0131n Prof.Dr. Y\u0131ld\u0131ray &Ccedil;ETE&#39;yi ve Say\u0131n Prof.Dr.Arif Alper &Ccedil;EV\u0130K&#39;i bu &ouml;nemli g&ouml;revlere se&ccedil;ilmi\u015f olmalar\u0131ndan dolay\u0131 y&uuml;rekten kutluyoruz.&nbsp;<\/p>\n<p>T&uuml;rkiye Acil T\u0131p Derne\u011fi&nbsp;<\/p>\n<p>Y&ouml;netim Kurulu<\/p>\n","protected":false},"excerpt":{"rendered":"<p>De\u011ferli Grup &Uuml;yeleri,&nbsp; &nbsp; Sizinle &ccedil;ok sevindirici ve gururland\u0131r\u0131c\u0131 bir haberimizi payla\u015fmak istiyoruz. T&uuml;rkiye Acil T\u0131p Derne\u011fi (TATD) Ba\u015fkan\u0131 Say\u0131n Prof.Dr.Y\u0131ld\u0131ray &Ccedil;ETE, Asian Society for Emergency Medicine (ACEM) 2015-2017 d&ouml;nemi&hellip;<\/p>\n","protected":false},"author":1,"featured_media":0,"comment_status":"open","ping_status":"closed","sticky":false,"template":"","format":"standard","meta":{"_acf_changed":false,"inline_featured_image":false,"_lmt_disableupdate":"","_lmt_disable":"","footnotes":""},"categories":[10013],"tags":[],"class_list":["post-25015","post","type-post","status-publish","format-standard","hentry","category-kutlama-ve-anma"],"acf":[],"_links":{"self":[{"href":"https:\/\/tatd.org.tr\/en\/wp-json\/wp\/v2\/posts\/25015","targetHints":{"allow":["GET"]}}],"collection":[{"href":"https:\/\/tatd.org.tr\/en\/wp-json\/wp\/v2\/posts"}],"about":[{"href":"https:\/\/tatd.org.tr\/en\/wp-json\/wp\/v2\/types\/post"}],"author":[{"embeddable":true,"href":"https:\/\/tatd.org.tr\/en\/wp-json\/wp\/v2\/users\/1"}],"replies":[{"embeddable":true,"href":"https:\/\/tatd.org.tr\/en\/wp-json\/wp\/v2\/comments?post=25015"}],"version-history":[{"count":0,"href":"https:\/\/tatd.org.tr\/en\/wp-json\/wp\/v2\/posts\/25015\/revisions"}],"wp:attachment":[{"href":"https:\/\/tatd.org.tr\/en\/wp-json\/wp\/v2\/media?parent=25015"}],"wp:term":[{"taxonomy":"category","embeddable":true,"href":"https:\/\/tatd.org.tr\/en\/wp-json\/wp\/v2\/categories?post=25015"},{"taxonomy":"post_tag","embeddable":true,"href":"https:\/\/tatd.org.tr\/en\/wp-json\/wp\/v2\/tags?post=25015"}],"curies":[{"name":"wp","href":"https:\/\/api.w.org\/{rel}","templated":true}]}}