{"id":25014,"date":"2015-12-14T00:00:00","date_gmt":"2015-12-13T21:00:00","guid":{"rendered":"https:\/\/tatd.org.tr\/blog\/2015\/12\/14\/dergimiz-pubmed-de\/"},"modified":"2021-11-20T03:18:25","modified_gmt":"2021-11-20T00:18:25","slug":"dergimiz-pubmed-de","status":"publish","type":"post","link":"https:\/\/tatd.org.tr\/en\/haber-ve-duyuru\/dergimiz-pubmed-de\/","title":{"rendered":"Dergimiz Pubmed &#8216;de"},"content":{"rendered":"<p><img decoding=\"async\" src=\"files\/images\/1412201522291-pm_search_box_fig1.png.jpg\" style=\"height:251px; width:658px\" \/><br \/>\n&nbsp;<\/p>\n<p>&nbsp;<\/p>\n<p>&nbsp;<\/p>\n<p>&nbsp;<\/p>\n<p>&nbsp;<\/p>\n<p>De\u011ferli meslekta\u015flar\u0131m\u0131z,<\/p>\n<p>Bildi\u011finiz gibi T&uuml;rkiye Acil Tip Dergisi olarak sizlerin deste\u011fi ile T&uuml;rkiye&rsquo;nin Acil T\u0131p alan\u0131nda&nbsp;<\/p>\n<p>ilk ve &ouml;nc&uuml; bilimsel dergisi olarak; kaliteden, bilimsellikten ve tarafs\u0131zl\u0131ktan &ouml;d&uuml;n vermeden, 10 y\u0131l\u0131 a\u015fk\u0131n bir s&uuml;redir yay\u0131n hayat\u0131n\u0131 s&uuml;rd&uuml;rmekteyiz. Bir bayrak yar\u0131\u015f\u0131 \u015feklinde hep daha iyiye ula\u015fma gayesi ve &ccedil;abas\u0131 ile yay\u0131n kurulu &uuml;yeli\u011fini yapt\u0131\u011f\u0131m\u0131z ve yay\u0131nlad\u0131\u011f\u0131 500&rsquo;&uuml;n &uuml;zerinde bilimsel &ccedil;al\u0131\u015fmayla &uuml;lkemiz acil t\u0131bb\u0131n\u0131n bilimsel haf\u0131zas\u0131 durumunda olan dergimizin, bu g&uuml;nk&uuml; seviyesine gelmesinde eme\u011fi bulunan t&uuml;m meslekta\u015flar\u0131m\u0131z\u0131 sayg\u0131 ve sevgi ile an\u0131yor ve hepsine emekleri i&ccedil;in &ccedil;ok te\u015fekk&uuml;r ediyoruz. &nbsp;<\/p>\n<p>En b&uuml;y&uuml;k amac\u0131 daha kaliteli ve daha sayg\u0131n bir dergi olabilmek ve sesini t&uuml;m d&uuml;nyada bilim ailesine daha y&uuml;ksek \u015fekilde duyurmak olan T&uuml;rkiye Acil T\u0131p Dergisi bu hedefine emin ad\u0131mlarla ilerlemektedir. Bu ama&ccedil;la 2014 y\u0131l\u0131nda kritik bir karar alarak yay\u0131n hayat\u0131n\u0131 tamamen \u0130ngilizce olarak s&uuml;rd&uuml;rmeye ba\u015flayan T&uuml;rkiye Acil T\u0131p Dergisi, 2015 y\u0131l\u0131 i&ccedil;inde &ccedil;ok &ouml;nemli bir at\u0131l\u0131m yaparak t&uuml;m d&uuml;nyan\u0131n en sayg\u0131n yay\u0131nc\u0131 kurulu\u015flar\u0131ndan birisi olan<strong>&nbsp;Elsevier<\/strong>&nbsp;ile yay\u0131n hayat\u0131n\u0131 s&uuml;rd&uuml;rme karar\u0131 alm\u0131\u015ft\u0131r. Bu vesile ile t&uuml;m yaz\u0131lar\u0131m\u0131z&nbsp;<strong>ScienceDirect<\/strong>&nbsp;&uuml;zerinden milyonlarla bulu\u015fma imkan\u0131 kazanm\u0131\u015ft\u0131r. Bununla e\u015f zamanl\u0131 olarak edit&ouml;ryal kurulunu yeniden d&uuml;zenlemi\u015f ve alan\u0131nda &ccedil;ok sayg\u0131n bilim insanlar\u0131 ile bilimsel etki de\u011feri &ccedil;ok y&uuml;ksek, &ccedil;ok g&uuml;&ccedil;l&uuml; bir yay\u0131n kurulu olu\u015fturmu\u015ftur.&nbsp;<\/p>\n<p><strong>T&uuml;rkiye Acil T\u0131p Derne\u011finin<\/strong>&nbsp;bir yay\u0131n organ\u0131 olan dergimizin, daha y&uuml;ksek hedeflere ula\u015fmas\u0131 i&ccedil;in, her t&uuml;rl&uuml; fedakarl\u0131\u011f\u0131 yapan derne\u011fimizin de\u011ferli y&ouml;netim kurulu &uuml;yelerine dergimiz ad\u0131na sonsuz te\u015fekk&uuml;r ederiz.<\/p>\n<p>T&uuml;rkiye Acil T\u0131p Dergisi, ge&ccedil;en ay i&ccedil;inde<strong>&nbsp;Web of Science<\/strong>&nbsp;b&uuml;nyesinde olu\u015fturulan&nbsp;<strong>Emerging Sources Citation Index (E-SCI)<\/strong>&nbsp;listesinde yer alma ba\u015far\u0131s\u0131n\u0131 g&ouml;stermi\u015ftir.&nbsp;<\/p>\n<p>Bu g&uuml;n &ouml;v&uuml;nerek ve gururla bildirmek istiyoruz ki art\u0131k T&uuml;rkiye Acil T\u0131p Dergisi, sa\u011fl\u0131k bilimleri konusunda yap\u0131lan uluslararas\u0131 makalelerin en &ouml;nemli eri\u015fim kayna\u011f\u0131 olan ve t&uuml;m d&uuml;nyan\u0131n en &ccedil;ok kulland\u0131\u011f\u0131 veri taban\u0131 olan<strong>PubMed<\/strong>&rsquo;dedir.&nbsp;<\/p>\n<p>2016 y\u0131l\u0131 ilk say\u0131s\u0131 ile T&uuml;rkiye Acil T\u0131p Dergisinde yay\u0131nlanan t&uuml;m makalelere&nbsp;<strong>PubMed Central<\/strong>&nbsp;arac\u0131l\u0131\u011f\u0131 ile eri\u015filebilecek olmas\u0131n\u0131n yan\u0131 s\u0131ra, dergi ar\u015fivimizi olu\u015fturan eski tarihli yaz\u0131lar\u0131m\u0131z da k\u0131sa s&uuml;re i&ccedil;erisinde&nbsp;<strong>PubMed Central&nbsp;<\/strong>arac\u0131l\u0131\u011f\u0131 ile t&uuml;m d&uuml;nya bilim insanlar\u0131n\u0131n eri\u015fimine haz\u0131r hale gelecektir. Bu b&uuml;y&uuml;k a\u015fama ile t&uuml;m d&uuml;nyada yay\u0131nlanmakta olan sayg\u0131n bilimsel dergiler aras\u0131nda hak etti\u011fimiz yeri ald\u0131\u011f\u0131m\u0131z gibi, T&uuml;rkiye&rsquo;de&nbsp;<strong>PubMed Central&nbsp;<\/strong>eri\u015fimi olan say\u0131l\u0131 bilimsel dergiden birisi haline geldik. Acil T\u0131p alan\u0131nda ilk ve &ouml;nc&uuml; olma &ouml;zelli\u011fini her zaman g&ouml;steren T&uuml;rkiye Acil T\u0131p Derne\u011finin en &ouml;nemli yay\u0131n organ\u0131 olan T&uuml;rkiye Acil T\u0131p Dergisi art\u0131k<strong>&nbsp;PubMed Central<\/strong>veri taban\u0131nda taranmakta olup kendisine yak\u0131\u015f\u0131r&nbsp;<\/p>\n<p>\u015fekilde Acil T\u0131p alan\u0131nda bir ilki daha ger&ccedil;ekle\u015ftirmi\u015ftir. Bu a\u015famaya gelmemizde eme\u011fi ge&ccedil;en t&uuml;m meslekta\u015flar\u0131m\u0131za tekrar&nbsp;<\/p>\n<p>te\u015fekk&uuml;r ederiz.<\/p>\n<p>Elbette ki T&uuml;rkiye Acil T\u0131p Dergisinin hedefleri hi&ccedil; bitmez<strong>. PubMed Central<\/strong>&nbsp;eri\u015fimi ile &ccedil;\u0131tay\u0131 daha y&uuml;kse\u011fe ta\u015f\u0131d\u0131k. Hep daha iyi ve daha yukar\u0131lar\u0131 hedefleyerek bir sonraki a\u015famada hedefimiz&nbsp;<strong>Web of Science<\/strong>&nbsp;b&uuml;nyesinde&nbsp;<strong>SCI-E<\/strong>listesinde yer alabilmektedir. Sizlerin de\u011ferli katk\u0131lar\u0131 ile bunu ba\u015farabilece\u011fimize eminiz.<\/p>\n<p><strong>PubMed Central&nbsp;<\/strong>eri\u015fimi ile elde edece\u011fimiz bilimsel kazan\u0131mlar\u0131n heyecan\u0131n\u0131, uzun u\u011fra\u015flar sonucunda elde edilen bu ba\u015far\u0131n\u0131n mutlulu\u011funu ve Acil T\u0131p alan\u0131nda yay\u0131n yapan dergimizin hedeflerinden birine daha ula\u015fm\u0131\u015f olmas\u0131n\u0131n gururunu sizlerle payla\u015fmak istiyoruz. Bu mutluluk ve gurur hepimizin, T&uuml;rkiye Acil T\u0131p Derne\u011fi ve dergisi ailesinindir. Hay\u0131rl\u0131 u\u011furlu olsun.<\/p>\n<p>&nbsp;<\/p>\n<p><strong>T&uuml;rkiye Acil T\u0131p Dergisi Yay\u0131n Kurulu Ad\u0131na Edit&ouml;rler<\/strong><\/p>\n<p><strong>Do&ccedil;.Dr.S&uuml;leyman T&Uuml;RED\u0130<\/strong><\/p>\n<p><strong>Do&ccedil;.Dr.Orhan &Ccedil;INAR<\/strong><\/p>\n<p><strong>Prof.Dr.Arzu DEN\u0130ZBA\u015eI<\/strong><\/p>\n<p><strong><img decoding=\"async\" alt=\"\" src=\"file:\/\/\/Users\/cigdemeratak\/Downloads\/us.sitesucker.mac.sitesucker\/tatd.org.tr\/tatdData\/Uploads\/images\/Ads%C4%B1z%20pubmed.png\" \/><img decoding=\"async\" alt=\"\" src=\"files\/images\/Ads%C4%B1z%20pubmed.png\" style=\"height:450px; width:660px\" \/><\/strong><\/p>\n","protected":false},"excerpt":{"rendered":"<p>&nbsp; &nbsp; &nbsp; &nbsp; &nbsp; De\u011ferli meslekta\u015flar\u0131m\u0131z, Bildi\u011finiz gibi T&uuml;rkiye Acil Tip Dergisi olarak sizlerin deste\u011fi ile T&uuml;rkiye&rsquo;nin Acil T\u0131p alan\u0131nda&nbsp; ilk ve &ouml;nc&uuml; bilimsel dergisi olarak; kaliteden, bilimsellikten ve&hellip;<\/p>\n","protected":false},"author":1,"featured_media":0,"comment_status":"open","ping_status":"closed","sticky":false,"template":"","format":"standard","meta":{"_acf_changed":false,"inline_featured_image":false,"_lmt_disableupdate":"","_lmt_disable":"","footnotes":""},"categories":[10011],"tags":[],"class_list":["post-25014","post","type-post","status-publish","format-standard","hentry","category-haber-ve-duyuru"],"acf":[],"_links":{"self":[{"href":"https:\/\/tatd.org.tr\/en\/wp-json\/wp\/v2\/posts\/25014","targetHints":{"allow":["GET"]}}],"collection":[{"href":"https:\/\/tatd.org.tr\/en\/wp-json\/wp\/v2\/posts"}],"about":[{"href":"https:\/\/tatd.org.tr\/en\/wp-json\/wp\/v2\/types\/post"}],"author":[{"embeddable":true,"href":"https:\/\/tatd.org.tr\/en\/wp-json\/wp\/v2\/users\/1"}],"replies":[{"embeddable":true,"href":"https:\/\/tatd.org.tr\/en\/wp-json\/wp\/v2\/comments?post=25014"}],"version-history":[{"count":0,"href":"https:\/\/tatd.org.tr\/en\/wp-json\/wp\/v2\/posts\/25014\/revisions"}],"wp:attachment":[{"href":"https:\/\/tatd.org.tr\/en\/wp-json\/wp\/v2\/media?parent=25014"}],"wp:term":[{"taxonomy":"category","embeddable":true,"href":"https:\/\/tatd.org.tr\/en\/wp-json\/wp\/v2\/categories?post=25014"},{"taxonomy":"post_tag","embeddable":true,"href":"https:\/\/tatd.org.tr\/en\/wp-json\/wp\/v2\/tags?post=25014"}],"curies":[{"name":"wp","href":"https:\/\/api.w.org\/{rel}","templated":true}]}}