{"id":25007,"date":"2016-01-13T00:00:00","date_gmt":"2016-01-12T21:00:00","guid":{"rendered":"https:\/\/tatd.org.tr\/blog\/2016\/01\/13\/acil-tip-asistan-oryantasyon-egitimi-ankara-4\/"},"modified":"2021-11-20T03:18:20","modified_gmt":"2021-11-20T00:18:20","slug":"acil-tip-asistan-oryantasyon-egitimi-ankara-4","status":"publish","type":"post","link":"https:\/\/tatd.org.tr\/en\/haber-ve-duyuru\/acil-tip-asistan-oryantasyon-egitimi-ankara-4\/","title":{"rendered":"Acil T\u0131p Asistan Oryantasyon E\u011fitimi, ANKARA"},"content":{"rendered":"<p>De\u011ferli Acil T\u0131p Camias\u0131,&nbsp;<\/p>\n<p>&nbsp;<\/p>\n<p>T&uuml;rkiye Acil T\u0131p Derne\u011fi (TATD)&#39; nin gelenekselle\u015fmi\u015f e\u011fitimlerimizdeninden Acil T\u0131p Asistan Oryantasyon E\u011fitimimizi Ankara&#39;da 25 &#8211; 27 &nbsp;Aral\u0131k 2015 tarihlerindeGazi &Uuml;niversitesi T\u0131p fak&uuml;ltesi Acil T\u0131p A.D.&#39;da d&uuml;zenledik. Acil T\u0131bba ad\u0131m\u0131n\u0131 yeni ad\u0131m atan meslekta\u015flar\u0131m\u0131za Acil Servislere en s\u0131k ba\u015fvuru \u015fikayetlerine y&ouml;nelik tan\u0131 ve tedadvi protokollerini i&ccedil;eren &nbsp;g&uuml;ncel k\u0131lavuzlar\u0131n e\u015fli\u011finde &ouml;zenle haz\u0131rlanm\u0131\u015f yol g&ouml;sterici sunumlar\u0131m\u0131z\u0131n oldu\u011fu e\u011fitimimize ;&nbsp;<\/p>\n<p>Gazi &Uuml;n.T\u0131p.Fak. Acil T\u0131p A.D<\/p>\n<p>Ankara &nbsp;&Uuml;n.T\u0131p.Fak. Acil T\u0131p A.D,<\/p>\n<p>S&uuml;leyman Demirel &Uuml;n.T\u0131p.Fak. Acil T\u0131p A.D.,&nbsp;<\/p>\n<p>Hacettepe &nbsp;&Uuml;n.T\u0131p.Fak. Acil T\u0131p A.D.,<\/p>\n<p>Osmangazi &nbsp;&Uuml;n.T\u0131p.Fak. Acil T\u0131p A.D.,<\/p>\n<p>Y\u0131ld\u0131r\u0131m Beyaz\u0131t &Uuml;n.T\u0131p.Fak. Acil T\u0131p A.D<\/p>\n<p>D\u0131\u015fkap\u0131 EAH Acil T\u0131p A.Kl., ve Trabzon Kanuni EAH Acil T\u0131p Klini\u011fi&#39;nden toplam 30 Acil T\u0131p Asistan\u0131m\u0131z kat\u0131lm\u0131\u015ft\u0131r. 3 g&uuml;n boyunca olduk&ccedil;a verimli ge&ccedil;en e\u011fitimimize e\u011fitmen olarak Do&ccedil; Dr.Ahmet Demircan, Do&ccedil; Dr B&uuml;lent Erbil, &nbsp;Uzm. Dr. Serta&ccedil; G&uuml;ler, Uzm. Dr. Burak Bekg&ouml;z, Uzm. Dr. Onur Hako\u011flu, Uzm. Dr. Kerem &Ccedil;orbac\u0131o\u011flu kat\u0131lm\u0131\u015flard\u0131r.E\u011fitmenlerimize g&ouml;sterdikleri &ouml;zveriden kursiyerlerimize ilgilerinden dolay\u0131 te\u015fekk&uuml;r ederiz.&nbsp;<\/p>\n<p>T&uuml;rkiye Acil T\u0131p Derne\u011fi&nbsp;<\/p>\n<p>Y&ouml;netim Kurulu&nbsp;<\/p>\n","protected":false},"excerpt":{"rendered":"<p>De\u011ferli Acil T\u0131p Camias\u0131,&nbsp; &nbsp; T&uuml;rkiye Acil T\u0131p Derne\u011fi (TATD)&#39; nin gelenekselle\u015fmi\u015f e\u011fitimlerimizdeninden Acil T\u0131p Asistan Oryantasyon E\u011fitimimizi Ankara&#39;da 25 &#8211; 27 &nbsp;Aral\u0131k 2015 tarihlerindeGazi &Uuml;niversitesi T\u0131p fak&uuml;ltesi Acil T\u0131p&hellip;<\/p>\n","protected":false},"author":1,"featured_media":0,"comment_status":"open","ping_status":"closed","sticky":false,"template":"","format":"standard","meta":{"_acf_changed":false,"inline_featured_image":false,"_lmt_disableupdate":"","_lmt_disable":"","footnotes":""},"categories":[10011],"tags":[],"class_list":["post-25007","post","type-post","status-publish","format-standard","hentry","category-haber-ve-duyuru"],"acf":[],"_links":{"self":[{"href":"https:\/\/tatd.org.tr\/en\/wp-json\/wp\/v2\/posts\/25007","targetHints":{"allow":["GET"]}}],"collection":[{"href":"https:\/\/tatd.org.tr\/en\/wp-json\/wp\/v2\/posts"}],"about":[{"href":"https:\/\/tatd.org.tr\/en\/wp-json\/wp\/v2\/types\/post"}],"author":[{"embeddable":true,"href":"https:\/\/tatd.org.tr\/en\/wp-json\/wp\/v2\/users\/1"}],"replies":[{"embeddable":true,"href":"https:\/\/tatd.org.tr\/en\/wp-json\/wp\/v2\/comments?post=25007"}],"version-history":[{"count":0,"href":"https:\/\/tatd.org.tr\/en\/wp-json\/wp\/v2\/posts\/25007\/revisions"}],"wp:attachment":[{"href":"https:\/\/tatd.org.tr\/en\/wp-json\/wp\/v2\/media?parent=25007"}],"wp:term":[{"taxonomy":"category","embeddable":true,"href":"https:\/\/tatd.org.tr\/en\/wp-json\/wp\/v2\/categories?post=25007"},{"taxonomy":"post_tag","embeddable":true,"href":"https:\/\/tatd.org.tr\/en\/wp-json\/wp\/v2\/tags?post=25007"}],"curies":[{"name":"wp","href":"https:\/\/api.w.org\/{rel}","templated":true}]}}