{"id":25004,"date":"2016-01-21T00:00:00","date_gmt":"2016-01-20T21:00:00","guid":{"rendered":"https:\/\/tatd.org.tr\/blog\/2016\/01\/21\/1-ulusal-aile-hekimligi-ve-acilde-guncel-sorunlar-ve-adli-olgulara-yaklasim-kongresi\/"},"modified":"2021-11-20T03:18:17","modified_gmt":"2021-11-20T00:18:17","slug":"1-ulusal-aile-hekimligi-ve-acilde-guncel-sorunlar-ve-adli-olgulara-yaklasim-kongresi","status":"publish","type":"post","link":"https:\/\/tatd.org.tr\/en\/haber-ve-duyuru\/1-ulusal-aile-hekimligi-ve-acilde-guncel-sorunlar-ve-adli-olgulara-yaklasim-kongresi\/","title":{"rendered":"1. Ulusal Aile Hekimli\u011fi ve Acilde G\u00fcncel Sorunlar ve Adli Olgulara Yakla\u015f\u0131m Kongresi"},"content":{"rendered":"<p>TATD &#39;ninde destekleyen kurulu\u015flar aras\u0131nda oldu\u011fu Aile Hekimli\u011fi ve Acil Serviste &ccedil;al\u0131\u015fan hekimlere y&ouml;nelik 20-22 May\u0131s&#39;ta &quot;1.Ulusal Aile Hekimli\u011fi ve Acilde g&uuml;ncel sorunlar ve Adli olgulara Yakla\u015f\u0131m Kongresi&quot;&nbsp;Ku\u015fadas\u0131&#39;nda d&uuml;zenlenecektir.G&uuml;ncel ve Adli konular konusunda ilk kongre niteli\u011findeki etkinli\u011fin ayr\u0131nt\u0131lar\u0131na &quot;http:\/\/<a href=\"http:\/\/www.acilveailehekimligikongresi.com\/index.html\">www.acilveailehekimligikongresi.com\/index.html<\/a>&quot; ula\u015fabilirsiniz.<\/p>\n<p><img decoding=\"async\" alt=\"\" src=\"files\/images\/afis_mayis.jpg\" style=\"height:991px; width:700px\" \/><\/p>\n","protected":false},"excerpt":{"rendered":"<p>TATD &#39;ninde destekleyen kurulu\u015flar aras\u0131nda oldu\u011fu Aile Hekimli\u011fi ve Acil Serviste &ccedil;al\u0131\u015fan hekimlere y&ouml;nelik 20-22 May\u0131s&#39;ta &quot;1.Ulusal Aile Hekimli\u011fi ve Acilde g&uuml;ncel sorunlar ve Adli olgulara Yakla\u015f\u0131m Kongresi&quot;&nbsp;Ku\u015fadas\u0131&#39;nda d&uuml;zenlenecektir.G&uuml;ncel ve&hellip;<\/p>\n","protected":false},"author":1,"featured_media":0,"comment_status":"open","ping_status":"closed","sticky":false,"template":"","format":"standard","meta":{"_acf_changed":false,"inline_featured_image":false,"_lmt_disableupdate":"","_lmt_disable":"","footnotes":""},"categories":[10011],"tags":[],"class_list":["post-25004","post","type-post","status-publish","format-standard","hentry","category-haber-ve-duyuru"],"acf":[],"_links":{"self":[{"href":"https:\/\/tatd.org.tr\/en\/wp-json\/wp\/v2\/posts\/25004","targetHints":{"allow":["GET"]}}],"collection":[{"href":"https:\/\/tatd.org.tr\/en\/wp-json\/wp\/v2\/posts"}],"about":[{"href":"https:\/\/tatd.org.tr\/en\/wp-json\/wp\/v2\/types\/post"}],"author":[{"embeddable":true,"href":"https:\/\/tatd.org.tr\/en\/wp-json\/wp\/v2\/users\/1"}],"replies":[{"embeddable":true,"href":"https:\/\/tatd.org.tr\/en\/wp-json\/wp\/v2\/comments?post=25004"}],"version-history":[{"count":0,"href":"https:\/\/tatd.org.tr\/en\/wp-json\/wp\/v2\/posts\/25004\/revisions"}],"wp:attachment":[{"href":"https:\/\/tatd.org.tr\/en\/wp-json\/wp\/v2\/media?parent=25004"}],"wp:term":[{"taxonomy":"category","embeddable":true,"href":"https:\/\/tatd.org.tr\/en\/wp-json\/wp\/v2\/categories?post=25004"},{"taxonomy":"post_tag","embeddable":true,"href":"https:\/\/tatd.org.tr\/en\/wp-json\/wp\/v2\/tags?post=25004"}],"curies":[{"name":"wp","href":"https:\/\/api.w.org\/{rel}","templated":true}]}}