{"id":25003,"date":"2016-01-22T00:00:00","date_gmt":"2016-01-21T21:00:00","guid":{"rendered":"https:\/\/tatd.org.tr\/blog\/2016\/01\/22\/yonetim-kurulu-uyemiz-sn-doc-dr-muge-gunalp-eneyli-ankara-un-tip-fak-acil-tip-a-d-baskani-oldu\/"},"modified":"2021-11-24T21:35:55","modified_gmt":"2021-11-24T18:35:55","slug":"yonetim-kurulu-uyemiz-sn-doc-dr-muge-gunalp-eneyli-ankara-un-tip-fak-acil-tip-a-d-baskani-oldu","status":"publish","type":"post","link":"https:\/\/tatd.org.tr\/en\/kutlama-ve-anma\/yonetim-kurulu-uyemiz-sn-doc-dr-muge-gunalp-eneyli-ankara-un-tip-fak-acil-tip-a-d-baskani-oldu\/","title":{"rendered":"Y\u00f6netim Kurulu \u00dcyemiz Sn. Do\u00e7. Dr. M\u00fcge G\u00fcnalp Eneyli Ankara \u00dcn.T\u0131p Fak. Acil T\u0131p A.D. Ba\u015fkan\u0131 oldu."},"content":{"rendered":"<p style=\"text-align: center;\"><img decoding=\"async\" alt=\"\" src=\"files\/images\/211201611215-Adsiz5.png.jpg\" style=\"height:325px; width:660px\" \/><\/p>\n<p>De\u011ferli Acil T\u0131p Camias\u0131,<\/p>\n<p>T&uuml;rkiye Acil T\u0131p Derne\u011fi (TATD), Y&ouml;netim Kurulu &Uuml;yemiz&nbsp;<strong>Sn. Do&ccedil;.Dr.M&uuml;ge G&uuml;nalp Eneyl<\/strong>i &nbsp;Ankara &Uuml;niversitesi T\u0131o Fak&uuml;ltesi Acil T\u0131p A.D. Ba\u015fkan\u0131 olmu\u015ftur.<\/p>\n<p>Bu sevindirici haber nedeni ile Sn<strong>. Do&ccedil;. Dr. M&uuml;ge G&uuml;nalp Eneyl<\/strong>i&#39; yi kutlar kendisine, ailesine ve camiam\u0131za hay\u0131rl\u0131 olmas\u0131n\u0131 dileriz.<\/p>\n<p><strong>T&uuml;rkiye Acil T\u0131p Derne\u011fi&nbsp;<\/strong><\/p>\n<p><strong>Y&ouml;netim Kurulu &nbsp;<\/strong><\/p>\n","protected":false},"excerpt":{"rendered":"<p>De\u011ferli Acil T\u0131p Camias\u0131, T&uuml;rkiye Acil T\u0131p Derne\u011fi (TATD), Y&ouml;netim Kurulu &Uuml;yemiz&nbsp;Sn. Do&ccedil;.Dr.M&uuml;ge G&uuml;nalp Eneyli &nbsp;Ankara &Uuml;niversitesi T\u0131o Fak&uuml;ltesi Acil T\u0131p A.D. Ba\u015fkan\u0131 olmu\u015ftur. Bu sevindirici haber nedeni ile Sn.&hellip;<\/p>\n","protected":false},"author":1,"featured_media":0,"comment_status":"open","ping_status":"closed","sticky":false,"template":"","format":"standard","meta":{"_acf_changed":false,"inline_featured_image":false,"_lmt_disableupdate":"","_lmt_disable":"","footnotes":""},"categories":[10013],"tags":[],"class_list":["post-25003","post","type-post","status-publish","format-standard","hentry","category-kutlama-ve-anma"],"acf":[],"_links":{"self":[{"href":"https:\/\/tatd.org.tr\/en\/wp-json\/wp\/v2\/posts\/25003","targetHints":{"allow":["GET"]}}],"collection":[{"href":"https:\/\/tatd.org.tr\/en\/wp-json\/wp\/v2\/posts"}],"about":[{"href":"https:\/\/tatd.org.tr\/en\/wp-json\/wp\/v2\/types\/post"}],"author":[{"embeddable":true,"href":"https:\/\/tatd.org.tr\/en\/wp-json\/wp\/v2\/users\/1"}],"replies":[{"embeddable":true,"href":"https:\/\/tatd.org.tr\/en\/wp-json\/wp\/v2\/comments?post=25003"}],"version-history":[{"count":0,"href":"https:\/\/tatd.org.tr\/en\/wp-json\/wp\/v2\/posts\/25003\/revisions"}],"wp:attachment":[{"href":"https:\/\/tatd.org.tr\/en\/wp-json\/wp\/v2\/media?parent=25003"}],"wp:term":[{"taxonomy":"category","embeddable":true,"href":"https:\/\/tatd.org.tr\/en\/wp-json\/wp\/v2\/categories?post=25003"},{"taxonomy":"post_tag","embeddable":true,"href":"https:\/\/tatd.org.tr\/en\/wp-json\/wp\/v2\/tags?post=25003"}],"curies":[{"name":"wp","href":"https:\/\/api.w.org\/{rel}","templated":true}]}}