{"id":24966,"date":"2016-01-06T00:00:00","date_gmt":"2016-01-05T21:00:00","guid":{"rendered":"https:\/\/tatd.org.tr\/blog\/2016\/01\/06\/kocaeli-temel-usg-egitimimizi-27-acil-tip-uzman-ve-asistanimiz-ile-gerceklestirdik\/"},"modified":"2021-11-20T03:17:48","modified_gmt":"2021-11-20T00:17:48","slug":"kocaeli-temel-usg-egitimimizi-27-acil-tip-uzman-ve-asistanimiz-ile-gerceklestirdik","status":"publish","type":"post","link":"https:\/\/tatd.org.tr\/en\/haber-ve-duyuru\/kocaeli-temel-usg-egitimimizi-27-acil-tip-uzman-ve-asistanimiz-ile-gerceklestirdik\/","title":{"rendered":"Kocaeli Temel Usg e\u011fitimimizi 27 Acil T\u0131p Uzman ve Asistan\u0131m\u0131z ile ger\u00e7ekle\u015ftirdik."},"content":{"rendered":"<p>De\u011ferli Acil T\u0131p Camias\u0131,&nbsp;<\/p>\n<p>T&uuml;rkiye Acil T\u0131p Derne\u011fi (TATD), Ultrason &Ccedil;al\u0131\u015fma Grubu (TATDUS) olarak Kocaeli&#39;nde Temel Ultrasonografi E\u011fitimi verdik. Kocaeli T\u0131p fak&uuml;ltesi Acil T\u0131p A.D. Ba\u015fkan\u0131 Sn.Prof. Dr.Murat Pekdemir koordinat&ouml;rl&uuml;\u011f&uuml;nde Kocaeli &Uuml;n.T\u0131p Fak. Acil T\u0131p A.D.,&nbsp;<\/p>\n<p>Kocaeli Dev.HAst., Derince EAH Acil T\u0131p Klini\u011fi, Sakarya &Uuml;n.T\u0131p Fak.Acil T\u0131p A.D.ve \u0130zmit SEKA Dev.Hast.den &nbsp;toplam 27 &nbsp;Acil T\u0131p Uzman ve asistan\u0131m\u0131z\u0131n kat\u0131ld\u0131\u011f\u0131 kursumuz 16 saat teorik ve 16 saat pratik uygulama ile tamamlanm\u0131\u015ft\u0131r. Kursumuza e\u011fitmen olarak Uzm.Dr.&Ouml;zlem Dikme, Uzm.Dr.&Ouml;zg&uuml;r Dikme, Uzm.Dr.Adnan Yamano\u011flu, Uzm.Dr.Onur Karakayal\u0131 ve Uzm.Dr.&Ouml;zg&uuml;r &Ccedil;evrim kat\u0131lm\u0131\u015flard\u0131r. Ba\u015fta bu g&uuml;zel organizasyonu ger&ccedil;ekle\u015ftiren Sn.Prof.Dr.Murat Pekdemir olmak &uuml;zere e\u011fitmenlerimize g&ouml;sterdikleri &ouml;zveriden,kursiyerlerimize yo\u011fun ilgilerinden &ouml;t&uuml;r&uuml; te\u015fekk&uuml;r ederiz.&nbsp;<\/p>\n<p>T&uuml;rkiye Acil T\u0131p Derne\u011fi&nbsp;<\/p>\n<p>Y&ouml;netim Kurulu&nbsp;<\/p>\n","protected":false},"excerpt":{"rendered":"<p>De\u011ferli Acil T\u0131p Camias\u0131,&nbsp; T&uuml;rkiye Acil T\u0131p Derne\u011fi (TATD), Ultrason &Ccedil;al\u0131\u015fma Grubu (TATDUS) olarak Kocaeli&#39;nde Temel Ultrasonografi E\u011fitimi verdik. Kocaeli T\u0131p fak&uuml;ltesi Acil T\u0131p A.D. Ba\u015fkan\u0131 Sn.Prof. Dr.Murat Pekdemir koordinat&ouml;rl&uuml;\u011f&uuml;nde&hellip;<\/p>\n","protected":false},"author":1,"featured_media":0,"comment_status":"open","ping_status":"closed","sticky":false,"template":"","format":"standard","meta":{"_acf_changed":false,"inline_featured_image":false,"_lmt_disableupdate":"","_lmt_disable":"","footnotes":""},"categories":[10011],"tags":[],"class_list":["post-24966","post","type-post","status-publish","format-standard","hentry","category-haber-ve-duyuru"],"acf":[],"_links":{"self":[{"href":"https:\/\/tatd.org.tr\/en\/wp-json\/wp\/v2\/posts\/24966","targetHints":{"allow":["GET"]}}],"collection":[{"href":"https:\/\/tatd.org.tr\/en\/wp-json\/wp\/v2\/posts"}],"about":[{"href":"https:\/\/tatd.org.tr\/en\/wp-json\/wp\/v2\/types\/post"}],"author":[{"embeddable":true,"href":"https:\/\/tatd.org.tr\/en\/wp-json\/wp\/v2\/users\/1"}],"replies":[{"embeddable":true,"href":"https:\/\/tatd.org.tr\/en\/wp-json\/wp\/v2\/comments?post=24966"}],"version-history":[{"count":0,"href":"https:\/\/tatd.org.tr\/en\/wp-json\/wp\/v2\/posts\/24966\/revisions"}],"wp:attachment":[{"href":"https:\/\/tatd.org.tr\/en\/wp-json\/wp\/v2\/media?parent=24966"}],"wp:term":[{"taxonomy":"category","embeddable":true,"href":"https:\/\/tatd.org.tr\/en\/wp-json\/wp\/v2\/categories?post=24966"},{"taxonomy":"post_tag","embeddable":true,"href":"https:\/\/tatd.org.tr\/en\/wp-json\/wp\/v2\/tags?post=24966"}],"curies":[{"name":"wp","href":"https:\/\/api.w.org\/{rel}","templated":true}]}}