{"id":24959,"date":"2015-02-13T00:00:00","date_gmt":"2015-02-12T21:00:00","guid":{"rendered":"https:\/\/tatd.org.tr\/blog\/2015\/02\/13\/tatdus-istanbul-olarak-3-ileri-ultrasonografi-egtimimizi-gerceklestirdik\/"},"modified":"2021-11-20T03:17:43","modified_gmt":"2021-11-20T00:17:43","slug":"tatdus-istanbul-olarak-3-ileri-ultrasonografi-egtimimizi-gerceklestirdik","status":"publish","type":"post","link":"https:\/\/tatd.org.tr\/en\/haber-ve-duyuru\/tatdus-istanbul-olarak-3-ileri-ultrasonografi-egtimimizi-gerceklestirdik\/","title":{"rendered":"TATDUS \u0130stanbul olarak 3.\u0130leri Ultrasonografi E\u011ftimimizi ger\u00e7ekle\u015ftirdik."},"content":{"rendered":"<p>De\u011ferli Grup &Uuml;yeleri&nbsp;<\/p>\n<p>T&uuml;rkiye Acil T\u0131p Derne\u011fi Ultrason &Ccedil;al\u0131\u015fma Grubu \u0130stanbul olarak, \u0130stanbul Acil T\u0131p E\u011fitimleri ( \u0130ATE ) kapsam\u0131nda planlad\u0131\u011f\u0131m\u0131z<\/p>\n<p>e\u011fitimlerimizden 3. \u0130leri Ultrasonografi e\u011fitimimizi toplam 35 Acil T\u0131p Uzman ve asistan\u0131 ile ger&ccedil;ekle\u015ftirdik. E\u011ftimenlerimiz&nbsp;<strong>Uzm. Dr. &Ouml;zlem&nbsp;<\/strong><\/p>\n<p><strong>Dikme, Uzm Dr.&nbsp;<\/strong><strong>Adnan Yamano\u011flu ve Uzm.Dr.Melek Sedef G&uuml;ryay&#39;<\/strong>&nbsp;a kat\u0131k\u0131lar\u0131ndan kursiyerlerimize ilgilerinden dolay\u0131 te\u015fekk&uuml;r ederiz.<\/p>\n<p><strong>T&uuml;rkiye Acil T\u0131p Derne\u011fi&nbsp;<\/strong><\/p>\n<p><strong>Ultrason &Ccedil;al\u0131\u015fma Grubu Koordinat&ouml;rleri&nbsp;<\/strong><\/p>\n<p><strong>Uzm.Dr.&Ouml;zg&uuml;r &Ccedil;evrim&nbsp;<\/strong><\/p>\n<p><strong>Uzm.Dr.Murat Ye\u015filaras &nbsp;<\/strong><\/p>\n","protected":false},"excerpt":{"rendered":"<p>De\u011ferli Grup &Uuml;yeleri&nbsp; T&uuml;rkiye Acil T\u0131p Derne\u011fi Ultrason &Ccedil;al\u0131\u015fma Grubu \u0130stanbul olarak, \u0130stanbul Acil T\u0131p E\u011fitimleri ( \u0130ATE ) kapsam\u0131nda planlad\u0131\u011f\u0131m\u0131z e\u011fitimlerimizden 3. \u0130leri Ultrasonografi e\u011fitimimizi toplam 35 Acil T\u0131p&hellip;<\/p>\n","protected":false},"author":1,"featured_media":0,"comment_status":"open","ping_status":"closed","sticky":false,"template":"","format":"standard","meta":{"_acf_changed":false,"inline_featured_image":false,"_lmt_disableupdate":"","_lmt_disable":"","footnotes":""},"categories":[10011],"tags":[],"class_list":["post-24959","post","type-post","status-publish","format-standard","hentry","category-haber-ve-duyuru"],"acf":[],"_links":{"self":[{"href":"https:\/\/tatd.org.tr\/en\/wp-json\/wp\/v2\/posts\/24959","targetHints":{"allow":["GET"]}}],"collection":[{"href":"https:\/\/tatd.org.tr\/en\/wp-json\/wp\/v2\/posts"}],"about":[{"href":"https:\/\/tatd.org.tr\/en\/wp-json\/wp\/v2\/types\/post"}],"author":[{"embeddable":true,"href":"https:\/\/tatd.org.tr\/en\/wp-json\/wp\/v2\/users\/1"}],"replies":[{"embeddable":true,"href":"https:\/\/tatd.org.tr\/en\/wp-json\/wp\/v2\/comments?post=24959"}],"version-history":[{"count":0,"href":"https:\/\/tatd.org.tr\/en\/wp-json\/wp\/v2\/posts\/24959\/revisions"}],"wp:attachment":[{"href":"https:\/\/tatd.org.tr\/en\/wp-json\/wp\/v2\/media?parent=24959"}],"wp:term":[{"taxonomy":"category","embeddable":true,"href":"https:\/\/tatd.org.tr\/en\/wp-json\/wp\/v2\/categories?post=24959"},{"taxonomy":"post_tag","embeddable":true,"href":"https:\/\/tatd.org.tr\/en\/wp-json\/wp\/v2\/tags?post=24959"}],"curies":[{"name":"wp","href":"https:\/\/api.w.org\/{rel}","templated":true}]}}